{"id":3348,"date":"2020-08-30T13:59:54","date_gmt":"2020-08-30T16:59:54","guid":{"rendered":"https:\/\/padrejosimo.com.br\/site\/?post_type=noticias&#038;p=3348"},"modified":"2020-08-30T14:01:04","modified_gmt":"2020-08-30T17:01:04","slug":"artigo-tutela-ao-reverso-do-presidente-da-funai","status":"publish","type":"noticias","link":"https:\/\/padrejosimo.com.br\/site\/noticias\/artigo-tutela-ao-reverso-do-presidente-da-funai\/","title":{"rendered":"Artigo | Tutela ao reverso do Presidente da Funai"},"content":{"rendered":"<blockquote>\n<div class=\"author\"><strong><em>Roberto Ant\u00f4nio Liebgott<\/em><\/strong><\/div>\n<\/blockquote>\n<div class=\"place-and-time\">\n<blockquote>\n<div class=\"place\"><em>Cimi Sul \u2013 Equipe Porto Alegre<\/em><\/div>\n<\/blockquote>\n<\/div>\n<div><img fetchpriority=\"high\" decoding=\"async\" class=\" wp-image-3350 aligncenter\" src=\"https:\/\/padrejosimo.com.br\/site\/wp-content\/uploads\/2020\/08\/funai.jpg\" alt=\"\" width=\"622\" height=\"389\" srcset=\"https:\/\/padrejosimo.com.br\/site\/wp-content\/uploads\/2020\/08\/funai.jpg 1001w, https:\/\/padrejosimo.com.br\/site\/wp-content\/uploads\/2020\/08\/funai-300x188.jpg 300w, https:\/\/padrejosimo.com.br\/site\/wp-content\/uploads\/2020\/08\/funai-768x480.jpg 768w\" sizes=\"(max-width: 622px) 100vw, 622px\" \/><\/div>\n<div>\u00a0<\/div>\n<div>\n<p>Houve, no passado recente, toda uma luta dos povos ind\u00edgenas para se livrarem das amarras da tutela estatal, pois seguia na contram\u00e3o do protagonismo dos povos, impedia sua liberdade e anulava a possibilidade de serem sujeitos de direitos &#8211; Artigo 232 da CF\/1988.<\/p>\n<p>Esse of\u00edcio circular &#8211; 28\/08 de 2020 &#8211; do presidente da Funai, Marcelo Augusto Xavier Silva, retoma a ideia da tutela do Estatuto do \u00cdndio de 1973, Lei 6001, mas agora\u00a0 ao reverso, ou seja, n\u00e3o para protege-los, mas\u00a0 para inibi-los, controla-los, amedrontando-os a n\u00e3o agirem em sua defesa, pelos seus direitos e\u00a0 pela suas terras. Portanto, para proteger grileiros e fazendeiros invasores, o atual presidente da Funai prop\u00f5e a tutela ao reverso.<\/p>\n<p>Isso deveria ser questionado imediatamente pelo Minist\u00e9rio P\u00fablico Federal, porque trata-se de uma evidente\u00a0 tentativa de coagir os ind\u00edgenas e, ainda mais grave, a Funai se coloca, outra vez, contra os interesses p\u00fablicos &#8211; j\u00e1 que as terras ind\u00edgenas s\u00e3o patrim\u00f4nio da Uni\u00e3o &#8211;\u00a0 para atuar de forma expressa &#8211;\u00a0 assim como fez com a Instru\u00e7\u00e3o Normativa de N\u00famero 09\/2020 &#8211; na defesa dos\u00a0 interesses provados. Al\u00e9m disso, o presidente da Funai extrapolou os limites de sua fun\u00e7\u00e3o e atua, como servidor p\u00fablico, para intimidar os ind\u00edgenas, aqueles a quem deveria defender e assistir. Portanto, abusa do poder que lhe foi dado, em fun\u00e7\u00e3o do cargo que ocupa,\u00a0 agindo \u00e0 revelia das normas administrativas, com os intentos de causar medo e preocupa\u00e7\u00e3o aos povos e est\u00e1 disponibilizando as estruturas da Funai, seu aparato t\u00e9cnico e pessoal, para perseguir f\u00edsica e juridicamente as comunidades em luta pela terra.<\/p>\n<p>Pelo que se nota, o atual presidente da Funai atua com o exclusivo interesse de garantir aos especuladores, invasores e grileiros de terras, que n\u00e3o haver\u00e1 demarca\u00e7\u00f5es e que todas aquelas \u00e1reas demarcadas ser\u00e3o postas \u00e0 disposi\u00e7\u00e3o para explora\u00e7\u00e3o. Os que ousarem atuar em sentido contr\u00e1rio, sofrer\u00e3o as san\u00e7\u00f5es da Funai, especialmente os povos ind\u00edgenas. Ou seja, \u00e9 uma tutela ao reverso em curso, para privilegiar os predadores da natureza.<\/p>\n<\/div>\n","protected":false},"excerpt":{"rendered":"<p>O presidente da Funai atua a servi\u00e7o do interesse de garantir aos especuladores, invasores e grileiros de terras.<\/p>\n","protected":false},"featured_media":3349,"template":"","categorias_noticias":[],"class_list":["post-3348","noticias","type-noticias","status-publish","has-post-thumbnail","hentry"],"acf":[],"yoast_head":"<!-- This site is optimized with the Yoast SEO plugin v27.2 - https:\/\/yoast.com\/product\/yoast-seo-wordpress\/ -->\n<title>Artigo | Tutela ao reverso do Presidente da Funai - Instituto Cultural Padre Josimo<\/title>\n<meta name=\"robots\" content=\"index, follow, max-snippet:-1, max-image-preview:large, max-video-preview:-1\" \/>\n<link rel=\"canonical\" href=\"https:\/\/padrejosimo.com.br\/site\/noticias\/artigo-tutela-ao-reverso-do-presidente-da-funai\/\" \/>\n<meta property=\"og:locale\" content=\"pt_BR\" \/>\n<meta property=\"og:type\" content=\"article\" \/>\n<meta property=\"og:title\" content=\"Artigo | Tutela ao reverso do Presidente da Funai - Instituto Cultural Padre Josimo\" \/>\n<meta property=\"og:description\" content=\"O presidente da Funai atua a servi\u00e7o do interesse de garantir aos especuladores, invasores e grileiros de terras.\" \/>\n<meta property=\"og:url\" content=\"https:\/\/padrejosimo.com.br\/site\/noticias\/artigo-tutela-ao-reverso-do-presidente-da-funai\/\" \/>\n<meta property=\"og:site_name\" content=\"Instituto Cultural Padre Josimo\" \/>\n<meta property=\"article:modified_time\" content=\"2020-08-30T17:01:04+00:00\" \/>\n<meta property=\"og:image\" content=\"https:\/\/padrejosimo.com.br\/site\/wp-content\/uploads\/2020\/08\/REFAP-PETROBRAS-SINDIPETRO.jpg\" \/>\n\t<meta property=\"og:image:width\" content=\"1748\" \/>\n\t<meta property=\"og:image:height\" content=\"1240\" \/>\n\t<meta property=\"og:image:type\" content=\"image\/jpeg\" \/>\n<meta name=\"twitter:card\" content=\"summary_large_image\" \/>\n<meta name=\"twitter:label1\" content=\"Est. tempo de leitura\" \/>\n\t<meta name=\"twitter:data1\" content=\"2 minutos\" \/>\n<script type=\"application\/ld+json\" class=\"yoast-schema-graph\">{\"@context\":\"https:\/\/schema.org\",\"@graph\":[{\"@type\":\"WebPage\",\"@id\":\"https:\/\/padrejosimo.com.br\/site\/noticias\/artigo-tutela-ao-reverso-do-presidente-da-funai\/\",\"url\":\"https:\/\/padrejosimo.com.br\/site\/noticias\/artigo-tutela-ao-reverso-do-presidente-da-funai\/\",\"name\":\"Artigo | Tutela ao reverso do Presidente da Funai - Instituto Cultural Padre Josimo\",\"isPartOf\":{\"@id\":\"https:\/\/padrejosimo.com.br\/site\/#website\"},\"primaryImageOfPage\":{\"@id\":\"https:\/\/padrejosimo.com.br\/site\/noticias\/artigo-tutela-ao-reverso-do-presidente-da-funai\/#primaryimage\"},\"image\":{\"@id\":\"https:\/\/padrejosimo.com.br\/site\/noticias\/artigo-tutela-ao-reverso-do-presidente-da-funai\/#primaryimage\"},\"thumbnailUrl\":\"https:\/\/padrejosimo.com.br\/site\/wp-content\/uploads\/2020\/08\/REFAP-PETROBRAS-SINDIPETRO.jpg\",\"datePublished\":\"2020-08-30T16:59:54+00:00\",\"dateModified\":\"2020-08-30T17:01:04+00:00\",\"breadcrumb\":{\"@id\":\"https:\/\/padrejosimo.com.br\/site\/noticias\/artigo-tutela-ao-reverso-do-presidente-da-funai\/#breadcrumb\"},\"inLanguage\":\"pt-BR\",\"potentialAction\":[{\"@type\":\"ReadAction\",\"target\":[\"https:\/\/padrejosimo.com.br\/site\/noticias\/artigo-tutela-ao-reverso-do-presidente-da-funai\/\"]}]},{\"@type\":\"ImageObject\",\"inLanguage\":\"pt-BR\",\"@id\":\"https:\/\/padrejosimo.com.br\/site\/noticias\/artigo-tutela-ao-reverso-do-presidente-da-funai\/#primaryimage\",\"url\":\"https:\/\/padrejosimo.com.br\/site\/wp-content\/uploads\/2020\/08\/REFAP-PETROBRAS-SINDIPETRO.jpg\",\"contentUrl\":\"https:\/\/padrejosimo.com.br\/site\/wp-content\/uploads\/2020\/08\/REFAP-PETROBRAS-SINDIPETRO.jpg\",\"width\":1748,\"height\":1240},{\"@type\":\"BreadcrumbList\",\"@id\":\"https:\/\/padrejosimo.com.br\/site\/noticias\/artigo-tutela-ao-reverso-do-presidente-da-funai\/#breadcrumb\",\"itemListElement\":[{\"@type\":\"ListItem\",\"position\":1,\"name\":\"In\u00edcio\",\"item\":\"https:\/\/padrejosimo.com.br\/site\/\"},{\"@type\":\"ListItem\",\"position\":2,\"name\":\"Not\u00edcias\",\"item\":\"https:\/\/padrejosimo.com.br\/site\/noticias\/\"},{\"@type\":\"ListItem\",\"position\":3,\"name\":\"Artigo | Tutela ao reverso do Presidente da Funai\"}]},{\"@type\":\"WebSite\",\"@id\":\"https:\/\/padrejosimo.com.br\/site\/#website\",\"url\":\"https:\/\/padrejosimo.com.br\/site\/\",\"name\":\"Instituto Cultural Padre Josimo\",\"description\":\"Comprometida com a promo\u00e7\u00e3o da justi\u00e7a social, agroecologia e educa\u00e7\u00e3o popular\",\"publisher\":{\"@id\":\"https:\/\/padrejosimo.com.br\/site\/#organization\"},\"alternateName\":\"ICPJ\",\"potentialAction\":[{\"@type\":\"SearchAction\",\"target\":{\"@type\":\"EntryPoint\",\"urlTemplate\":\"https:\/\/padrejosimo.com.br\/site\/?s={search_term_string}\"},\"query-input\":{\"@type\":\"PropertyValueSpecification\",\"valueRequired\":true,\"valueName\":\"search_term_string\"}}],\"inLanguage\":\"pt-BR\"},{\"@type\":\"Organization\",\"@id\":\"https:\/\/padrejosimo.com.br\/site\/#organization\",\"name\":\"Instituto Cultural Padre Josimo\",\"alternateName\":\"ICPJ\",\"url\":\"https:\/\/padrejosimo.com.br\/site\/\",\"logo\":{\"@type\":\"ImageObject\",\"inLanguage\":\"pt-BR\",\"@id\":\"https:\/\/padrejosimo.com.br\/site\/#\/schema\/logo\/image\/\",\"url\":\"https:\/\/padrejosimo.com.br\/site\/wp-content\/uploads\/2025\/09\/cropped-icon-icpj.png\",\"contentUrl\":\"https:\/\/padrejosimo.com.br\/site\/wp-content\/uploads\/2025\/09\/cropped-icon-icpj.png\",\"width\":512,\"height\":512,\"caption\":\"Instituto Cultural Padre Josimo\"},\"image\":{\"@id\":\"https:\/\/padrejosimo.com.br\/site\/#\/schema\/logo\/image\/\"}}]}<\/script>\n<!-- \/ Yoast SEO plugin. -->","yoast_head_json":{"title":"Artigo | Tutela ao reverso do Presidente da Funai - Instituto Cultural Padre Josimo","robots":{"index":"index","follow":"follow","max-snippet":"max-snippet:-1","max-image-preview":"max-image-preview:large","max-video-preview":"max-video-preview:-1"},"canonical":"https:\/\/padrejosimo.com.br\/site\/noticias\/artigo-tutela-ao-reverso-do-presidente-da-funai\/","og_locale":"pt_BR","og_type":"article","og_title":"Artigo | Tutela ao reverso do Presidente da Funai - Instituto Cultural Padre Josimo","og_description":"O presidente da Funai atua a servi\u00e7o do interesse de garantir aos especuladores, invasores e grileiros de terras.","og_url":"https:\/\/padrejosimo.com.br\/site\/noticias\/artigo-tutela-ao-reverso-do-presidente-da-funai\/","og_site_name":"Instituto Cultural Padre Josimo","article_modified_time":"2020-08-30T17:01:04+00:00","og_image":[{"width":1748,"height":1240,"url":"https:\/\/padrejosimo.com.br\/site\/wp-content\/uploads\/2020\/08\/REFAP-PETROBRAS-SINDIPETRO.jpg","type":"image\/jpeg"}],"twitter_card":"summary_large_image","twitter_misc":{"Est. tempo de leitura":"2 minutos"},"schema":{"@context":"https:\/\/schema.org","@graph":[{"@type":"WebPage","@id":"https:\/\/padrejosimo.com.br\/site\/noticias\/artigo-tutela-ao-reverso-do-presidente-da-funai\/","url":"https:\/\/padrejosimo.com.br\/site\/noticias\/artigo-tutela-ao-reverso-do-presidente-da-funai\/","name":"Artigo | Tutela ao reverso do Presidente da Funai - Instituto Cultural Padre Josimo","isPartOf":{"@id":"https:\/\/padrejosimo.com.br\/site\/#website"},"primaryImageOfPage":{"@id":"https:\/\/padrejosimo.com.br\/site\/noticias\/artigo-tutela-ao-reverso-do-presidente-da-funai\/#primaryimage"},"image":{"@id":"https:\/\/padrejosimo.com.br\/site\/noticias\/artigo-tutela-ao-reverso-do-presidente-da-funai\/#primaryimage"},"thumbnailUrl":"https:\/\/padrejosimo.com.br\/site\/wp-content\/uploads\/2020\/08\/REFAP-PETROBRAS-SINDIPETRO.jpg","datePublished":"2020-08-30T16:59:54+00:00","dateModified":"2020-08-30T17:01:04+00:00","breadcrumb":{"@id":"https:\/\/padrejosimo.com.br\/site\/noticias\/artigo-tutela-ao-reverso-do-presidente-da-funai\/#breadcrumb"},"inLanguage":"pt-BR","potentialAction":[{"@type":"ReadAction","target":["https:\/\/padrejosimo.com.br\/site\/noticias\/artigo-tutela-ao-reverso-do-presidente-da-funai\/"]}]},{"@type":"ImageObject","inLanguage":"pt-BR","@id":"https:\/\/padrejosimo.com.br\/site\/noticias\/artigo-tutela-ao-reverso-do-presidente-da-funai\/#primaryimage","url":"https:\/\/padrejosimo.com.br\/site\/wp-content\/uploads\/2020\/08\/REFAP-PETROBRAS-SINDIPETRO.jpg","contentUrl":"https:\/\/padrejosimo.com.br\/site\/wp-content\/uploads\/2020\/08\/REFAP-PETROBRAS-SINDIPETRO.jpg","width":1748,"height":1240},{"@type":"BreadcrumbList","@id":"https:\/\/padrejosimo.com.br\/site\/noticias\/artigo-tutela-ao-reverso-do-presidente-da-funai\/#breadcrumb","itemListElement":[{"@type":"ListItem","position":1,"name":"In\u00edcio","item":"https:\/\/padrejosimo.com.br\/site\/"},{"@type":"ListItem","position":2,"name":"Not\u00edcias","item":"https:\/\/padrejosimo.com.br\/site\/noticias\/"},{"@type":"ListItem","position":3,"name":"Artigo | Tutela ao reverso do Presidente da Funai"}]},{"@type":"WebSite","@id":"https:\/\/padrejosimo.com.br\/site\/#website","url":"https:\/\/padrejosimo.com.br\/site\/","name":"Instituto Cultural Padre Josimo","description":"Comprometida com a promo\u00e7\u00e3o da justi\u00e7a social, agroecologia e educa\u00e7\u00e3o popular","publisher":{"@id":"https:\/\/padrejosimo.com.br\/site\/#organization"},"alternateName":"ICPJ","potentialAction":[{"@type":"SearchAction","target":{"@type":"EntryPoint","urlTemplate":"https:\/\/padrejosimo.com.br\/site\/?s={search_term_string}"},"query-input":{"@type":"PropertyValueSpecification","valueRequired":true,"valueName":"search_term_string"}}],"inLanguage":"pt-BR"},{"@type":"Organization","@id":"https:\/\/padrejosimo.com.br\/site\/#organization","name":"Instituto Cultural Padre Josimo","alternateName":"ICPJ","url":"https:\/\/padrejosimo.com.br\/site\/","logo":{"@type":"ImageObject","inLanguage":"pt-BR","@id":"https:\/\/padrejosimo.com.br\/site\/#\/schema\/logo\/image\/","url":"https:\/\/padrejosimo.com.br\/site\/wp-content\/uploads\/2025\/09\/cropped-icon-icpj.png","contentUrl":"https:\/\/padrejosimo.com.br\/site\/wp-content\/uploads\/2025\/09\/cropped-icon-icpj.png","width":512,"height":512,"caption":"Instituto Cultural Padre Josimo"},"image":{"@id":"https:\/\/padrejosimo.com.br\/site\/#\/schema\/logo\/image\/"}}]}},"_links":{"self":[{"href":"https:\/\/padrejosimo.com.br\/site\/wp-json\/wp\/v2\/noticias\/3348","targetHints":{"allow":["GET"]}}],"collection":[{"href":"https:\/\/padrejosimo.com.br\/site\/wp-json\/wp\/v2\/noticias"}],"about":[{"href":"https:\/\/padrejosimo.com.br\/site\/wp-json\/wp\/v2\/types\/noticias"}],"wp:featuredmedia":[{"embeddable":true,"href":"https:\/\/padrejosimo.com.br\/site\/wp-json\/wp\/v2\/media\/3349"}],"wp:attachment":[{"href":"https:\/\/padrejosimo.com.br\/site\/wp-json\/wp\/v2\/media?parent=3348"}],"wp:term":[{"taxonomy":"categorias_noticias","embeddable":true,"href":"https:\/\/padrejosimo.com.br\/site\/wp-json\/wp\/v2\/categorias_noticias?post=3348"}],"curies":[{"name":"wp","href":"https:\/\/api.w.org\/{rel}","templated":true}]}}