{"id":332,"date":"2017-07-18T17:22:10","date_gmt":"2017-07-18T20:22:10","guid":{"rendered":"http:\/\/padrejosimo.com.br\/site\/?post_type=noticias&#038;p=332"},"modified":"2017-08-04T10:59:27","modified_gmt":"2017-08-04T13:59:27","slug":"mutirao-da-esperanca-camponesa-une-campo-e-cidade-em-travesseiro","status":"publish","type":"noticias","link":"https:\/\/padrejosimo.com.br\/site\/noticias\/mutirao-da-esperanca-camponesa-une-campo-e-cidade-em-travesseiro\/","title":{"rendered":"Mutir\u00e3o Da Esperan\u00e7a Camponesa Une Campo E Cidade Em Travesseiro"},"content":{"rendered":"<figure id=\"attachment_333\" aria-describedby=\"caption-attachment-333\" style=\"width: 300px\" class=\"wp-caption alignleft\"><img fetchpriority=\"high\" decoding=\"async\" class=\"size-full wp-image-333\" src=\"https:\/\/padrejosimo.com.br\/site\/wp-content\/uploads\/2017\/07\/mutirao-travesseiro01.jpg\" alt=\"\" width=\"300\" height=\"169\" \/><figcaption id=\"caption-attachment-333\" class=\"wp-caption-text\">Mutir\u00e3o em Travesseiro -RS (Foto: Divulga\u00e7\u00e3o\/MPA)<\/figcaption><\/figure>\n<p>Durante os dias 12 e 13 de julho de 2017, cerca de 40 militantes do Movimento dos Pequenos Agricultores \u2013 MPA, estiveram realizando o Mutir\u00e3o da Esperan\u00e7a Camponesa no munic\u00edpio de Travesseiro, pertencente a Regional Vale do Taquari, Estado do Rio Grande do Sul. O Mutir\u00e3o percorreu por oito comunidades, sendo elas, Ca\u00edru, S\u00e3o Miguel, Barra do F\u00e3o, Felipe Essing, Tr\u00eas Saltos Alto, Tr\u00eas Saltos Baixo, S\u00e3o Jo\u00e3o e Sede do munic\u00edpio.<\/p>\n<p>Os debates foram protagonizados pelos militantes, juntamente com as fam\u00edlias camponesas e as fam\u00edlias urbanas, abordando uma s\u00e9rie de quest\u00f5es que impactam em nossa sociedade, como Reforma da Previd\u00eancia Social, Reforma Trabalhista, a Defesa da Produ\u00e7\u00e3o de Alimentos Saud\u00e1veis, a Nova Gera\u00e7\u00e3o Camponesa e a import\u00e2ncia da Bolsa para Perman\u00eancia dos Jovens do Campo, Sa\u00fade Popular Alternativa com incentivo de ter uma Farm\u00e1cia em Casa, al\u00e9m de contextualizar o endividamento das fam\u00edlias camponesas agravado pela crise econ\u00f4mica, bem como tamb\u00e9m a Crise do Leite e outros Integrados, o qual \u00e9 um fator presente na realidade dos camponeses e camponesas da Regi\u00e3o do Vale do Taquari.<\/p>\n<figure id=\"attachment_334\" aria-describedby=\"caption-attachment-334\" style=\"width: 300px\" class=\"wp-caption alignright\"><img decoding=\"async\" class=\"size-full wp-image-334\" src=\"https:\/\/padrejosimo.com.br\/site\/wp-content\/uploads\/2017\/07\/mutirao-travesseiro02.jpg\" alt=\"\" width=\"300\" height=\"169\" \/><figcaption id=\"caption-attachment-334\" class=\"wp-caption-text\">Ao todo, foram 848 fam\u00edlias contempladas (Foto: Divulga\u00e7\u00e3o\/MPA)<\/figcaption><\/figure>\n<p>Os militantes visitaram 548 fam\u00edlias do campo e 300 fam\u00edlias da cidade durante dois dias de atividades, onde contaram com um enorme protagonismo da juventude e das mulheres camponesas.<\/p>\n<p>As reuni\u00f5es nas comunidades tamb\u00e9m contaram com a presen\u00e7a de v\u00e1rios artistas locais, do munic\u00edpio de Travesseiro, como a Banda Municipal, Coral Municipal, Grupo de Teatro e Dan\u00e7a, al\u00e9m de dupla musical familiar de pais e filhos.<\/p>\n<p>Quem Alimenta o Brasil, Exige Respeito!<\/p>\n","protected":false},"excerpt":{"rendered":"<p>Durante os dias 12 e 13 de julho de 2017, cerca de 40 militantes do Movimento dos Pequenos Agricultores \u2013 MPA, estiveram realizando o Mutir\u00e3o da Esperan\u00e7a Camponesa no munic\u00edpio de Travesseiro. O Mutir\u00e3o percorreu por oito comunidades, sendo elas, Ca\u00edru, S\u00e3o Miguel, Barra do F\u00e3o, Felipe Essing, Tr\u00eas Saltos Alto, Tr\u00eas Saltos Baixo, S\u00e3o Jo\u00e3o e Sede do munic\u00edpio.<\/p>\n","protected":false},"featured_media":333,"template":"","categorias_noticias":[13],"class_list":["post-332","noticias","type-noticias","status-publish","has-post-thumbnail","hentry","categorias_noticias-noticias"],"acf":[],"yoast_head":"<!-- This site is optimized with the Yoast SEO plugin v27.2 - https:\/\/yoast.com\/product\/yoast-seo-wordpress\/ -->\n<title>Mutir\u00e3o Da Esperan\u00e7a Camponesa Une Campo E Cidade Em Travesseiro - Instituto Cultural Padre Josimo<\/title>\n<meta name=\"robots\" content=\"index, follow, max-snippet:-1, max-image-preview:large, max-video-preview:-1\" \/>\n<link rel=\"canonical\" href=\"https:\/\/padrejosimo.com.br\/site\/noticias\/mutirao-da-esperanca-camponesa-une-campo-e-cidade-em-travesseiro\/\" \/>\n<meta property=\"og:locale\" content=\"pt_BR\" \/>\n<meta property=\"og:type\" content=\"article\" \/>\n<meta property=\"og:title\" content=\"Mutir\u00e3o Da Esperan\u00e7a Camponesa Une Campo E Cidade Em Travesseiro - Instituto Cultural Padre Josimo\" \/>\n<meta property=\"og:description\" content=\"Durante os dias 12 e 13 de julho de 2017, cerca de 40 militantes do Movimento dos Pequenos Agricultores \u2013 MPA, estiveram realizando o Mutir\u00e3o da Esperan\u00e7a Camponesa no munic\u00edpio de Travesseiro. O Mutir\u00e3o percorreu por oito comunidades, sendo elas, Ca\u00edru, S\u00e3o Miguel, Barra do F\u00e3o, Felipe Essing, Tr\u00eas Saltos Alto, Tr\u00eas Saltos Baixo, S\u00e3o Jo\u00e3o e Sede do munic\u00edpio.\" \/>\n<meta property=\"og:url\" content=\"https:\/\/padrejosimo.com.br\/site\/noticias\/mutirao-da-esperanca-camponesa-une-campo-e-cidade-em-travesseiro\/\" \/>\n<meta property=\"og:site_name\" content=\"Instituto Cultural Padre Josimo\" \/>\n<meta property=\"article:modified_time\" content=\"2017-08-04T13:59:27+00:00\" \/>\n<meta property=\"og:image\" content=\"https:\/\/padrejosimo.com.br\/site\/wp-content\/uploads\/2017\/07\/mutirao-travesseiro01.jpg\" \/>\n\t<meta property=\"og:image:width\" content=\"300\" \/>\n\t<meta property=\"og:image:height\" content=\"169\" \/>\n\t<meta property=\"og:image:type\" content=\"image\/jpeg\" \/>\n<meta name=\"twitter:card\" content=\"summary_large_image\" \/>\n<meta name=\"twitter:label1\" content=\"Est. tempo de leitura\" \/>\n\t<meta name=\"twitter:data1\" content=\"2 minutos\" \/>\n<script type=\"application\/ld+json\" class=\"yoast-schema-graph\">{\"@context\":\"https:\/\/schema.org\",\"@graph\":[{\"@type\":\"WebPage\",\"@id\":\"https:\/\/padrejosimo.com.br\/site\/noticias\/mutirao-da-esperanca-camponesa-une-campo-e-cidade-em-travesseiro\/\",\"url\":\"https:\/\/padrejosimo.com.br\/site\/noticias\/mutirao-da-esperanca-camponesa-une-campo-e-cidade-em-travesseiro\/\",\"name\":\"Mutir\u00e3o Da Esperan\u00e7a Camponesa Une Campo E Cidade Em Travesseiro - Instituto Cultural Padre Josimo\",\"isPartOf\":{\"@id\":\"https:\/\/padrejosimo.com.br\/site\/#website\"},\"primaryImageOfPage\":{\"@id\":\"https:\/\/padrejosimo.com.br\/site\/noticias\/mutirao-da-esperanca-camponesa-une-campo-e-cidade-em-travesseiro\/#primaryimage\"},\"image\":{\"@id\":\"https:\/\/padrejosimo.com.br\/site\/noticias\/mutirao-da-esperanca-camponesa-une-campo-e-cidade-em-travesseiro\/#primaryimage\"},\"thumbnailUrl\":\"https:\/\/padrejosimo.com.br\/site\/wp-content\/uploads\/2017\/07\/mutirao-travesseiro01.jpg\",\"datePublished\":\"2017-07-18T20:22:10+00:00\",\"dateModified\":\"2017-08-04T13:59:27+00:00\",\"breadcrumb\":{\"@id\":\"https:\/\/padrejosimo.com.br\/site\/noticias\/mutirao-da-esperanca-camponesa-une-campo-e-cidade-em-travesseiro\/#breadcrumb\"},\"inLanguage\":\"pt-BR\",\"potentialAction\":[{\"@type\":\"ReadAction\",\"target\":[\"https:\/\/padrejosimo.com.br\/site\/noticias\/mutirao-da-esperanca-camponesa-une-campo-e-cidade-em-travesseiro\/\"]}]},{\"@type\":\"ImageObject\",\"inLanguage\":\"pt-BR\",\"@id\":\"https:\/\/padrejosimo.com.br\/site\/noticias\/mutirao-da-esperanca-camponesa-une-campo-e-cidade-em-travesseiro\/#primaryimage\",\"url\":\"https:\/\/padrejosimo.com.br\/site\/wp-content\/uploads\/2017\/07\/mutirao-travesseiro01.jpg\",\"contentUrl\":\"https:\/\/padrejosimo.com.br\/site\/wp-content\/uploads\/2017\/07\/mutirao-travesseiro01.jpg\",\"width\":300,\"height\":169,\"caption\":\"Mutir\u00e3o em Travesseiro -RS (Foto: Divulga\u00e7\u00e3o\/MPA)\"},{\"@type\":\"BreadcrumbList\",\"@id\":\"https:\/\/padrejosimo.com.br\/site\/noticias\/mutirao-da-esperanca-camponesa-une-campo-e-cidade-em-travesseiro\/#breadcrumb\",\"itemListElement\":[{\"@type\":\"ListItem\",\"position\":1,\"name\":\"In\u00edcio\",\"item\":\"https:\/\/padrejosimo.com.br\/site\/\"},{\"@type\":\"ListItem\",\"position\":2,\"name\":\"Not\u00edcias\",\"item\":\"https:\/\/padrejosimo.com.br\/site\/noticias\/\"},{\"@type\":\"ListItem\",\"position\":3,\"name\":\"Mutir\u00e3o Da Esperan\u00e7a Camponesa Une Campo E Cidade Em Travesseiro\"}]},{\"@type\":\"WebSite\",\"@id\":\"https:\/\/padrejosimo.com.br\/site\/#website\",\"url\":\"https:\/\/padrejosimo.com.br\/site\/\",\"name\":\"Instituto Cultural Padre Josimo\",\"description\":\"Comprometida com a promo\u00e7\u00e3o da justi\u00e7a social, agroecologia e educa\u00e7\u00e3o popular\",\"publisher\":{\"@id\":\"https:\/\/padrejosimo.com.br\/site\/#organization\"},\"alternateName\":\"ICPJ\",\"potentialAction\":[{\"@type\":\"SearchAction\",\"target\":{\"@type\":\"EntryPoint\",\"urlTemplate\":\"https:\/\/padrejosimo.com.br\/site\/?s={search_term_string}\"},\"query-input\":{\"@type\":\"PropertyValueSpecification\",\"valueRequired\":true,\"valueName\":\"search_term_string\"}}],\"inLanguage\":\"pt-BR\"},{\"@type\":\"Organization\",\"@id\":\"https:\/\/padrejosimo.com.br\/site\/#organization\",\"name\":\"Instituto Cultural Padre Josimo\",\"alternateName\":\"ICPJ\",\"url\":\"https:\/\/padrejosimo.com.br\/site\/\",\"logo\":{\"@type\":\"ImageObject\",\"inLanguage\":\"pt-BR\",\"@id\":\"https:\/\/padrejosimo.com.br\/site\/#\/schema\/logo\/image\/\",\"url\":\"https:\/\/padrejosimo.com.br\/site\/wp-content\/uploads\/2025\/09\/cropped-icon-icpj.png\",\"contentUrl\":\"https:\/\/padrejosimo.com.br\/site\/wp-content\/uploads\/2025\/09\/cropped-icon-icpj.png\",\"width\":512,\"height\":512,\"caption\":\"Instituto Cultural Padre Josimo\"},\"image\":{\"@id\":\"https:\/\/padrejosimo.com.br\/site\/#\/schema\/logo\/image\/\"}}]}<\/script>\n<!-- \/ Yoast SEO plugin. -->","yoast_head_json":{"title":"Mutir\u00e3o Da Esperan\u00e7a Camponesa Une Campo E Cidade Em Travesseiro - Instituto Cultural Padre Josimo","robots":{"index":"index","follow":"follow","max-snippet":"max-snippet:-1","max-image-preview":"max-image-preview:large","max-video-preview":"max-video-preview:-1"},"canonical":"https:\/\/padrejosimo.com.br\/site\/noticias\/mutirao-da-esperanca-camponesa-une-campo-e-cidade-em-travesseiro\/","og_locale":"pt_BR","og_type":"article","og_title":"Mutir\u00e3o Da Esperan\u00e7a Camponesa Une Campo E Cidade Em Travesseiro - Instituto Cultural Padre Josimo","og_description":"Durante os dias 12 e 13 de julho de 2017, cerca de 40 militantes do Movimento dos Pequenos Agricultores \u2013 MPA, estiveram realizando o Mutir\u00e3o da Esperan\u00e7a Camponesa no munic\u00edpio de Travesseiro. O Mutir\u00e3o percorreu por oito comunidades, sendo elas, Ca\u00edru, S\u00e3o Miguel, Barra do F\u00e3o, Felipe Essing, Tr\u00eas Saltos Alto, Tr\u00eas Saltos Baixo, S\u00e3o Jo\u00e3o e Sede do munic\u00edpio.","og_url":"https:\/\/padrejosimo.com.br\/site\/noticias\/mutirao-da-esperanca-camponesa-une-campo-e-cidade-em-travesseiro\/","og_site_name":"Instituto Cultural Padre Josimo","article_modified_time":"2017-08-04T13:59:27+00:00","og_image":[{"width":300,"height":169,"url":"https:\/\/padrejosimo.com.br\/site\/wp-content\/uploads\/2017\/07\/mutirao-travesseiro01.jpg","type":"image\/jpeg"}],"twitter_card":"summary_large_image","twitter_misc":{"Est. tempo de leitura":"2 minutos"},"schema":{"@context":"https:\/\/schema.org","@graph":[{"@type":"WebPage","@id":"https:\/\/padrejosimo.com.br\/site\/noticias\/mutirao-da-esperanca-camponesa-une-campo-e-cidade-em-travesseiro\/","url":"https:\/\/padrejosimo.com.br\/site\/noticias\/mutirao-da-esperanca-camponesa-une-campo-e-cidade-em-travesseiro\/","name":"Mutir\u00e3o Da Esperan\u00e7a Camponesa Une Campo E Cidade Em Travesseiro - Instituto Cultural Padre Josimo","isPartOf":{"@id":"https:\/\/padrejosimo.com.br\/site\/#website"},"primaryImageOfPage":{"@id":"https:\/\/padrejosimo.com.br\/site\/noticias\/mutirao-da-esperanca-camponesa-une-campo-e-cidade-em-travesseiro\/#primaryimage"},"image":{"@id":"https:\/\/padrejosimo.com.br\/site\/noticias\/mutirao-da-esperanca-camponesa-une-campo-e-cidade-em-travesseiro\/#primaryimage"},"thumbnailUrl":"https:\/\/padrejosimo.com.br\/site\/wp-content\/uploads\/2017\/07\/mutirao-travesseiro01.jpg","datePublished":"2017-07-18T20:22:10+00:00","dateModified":"2017-08-04T13:59:27+00:00","breadcrumb":{"@id":"https:\/\/padrejosimo.com.br\/site\/noticias\/mutirao-da-esperanca-camponesa-une-campo-e-cidade-em-travesseiro\/#breadcrumb"},"inLanguage":"pt-BR","potentialAction":[{"@type":"ReadAction","target":["https:\/\/padrejosimo.com.br\/site\/noticias\/mutirao-da-esperanca-camponesa-une-campo-e-cidade-em-travesseiro\/"]}]},{"@type":"ImageObject","inLanguage":"pt-BR","@id":"https:\/\/padrejosimo.com.br\/site\/noticias\/mutirao-da-esperanca-camponesa-une-campo-e-cidade-em-travesseiro\/#primaryimage","url":"https:\/\/padrejosimo.com.br\/site\/wp-content\/uploads\/2017\/07\/mutirao-travesseiro01.jpg","contentUrl":"https:\/\/padrejosimo.com.br\/site\/wp-content\/uploads\/2017\/07\/mutirao-travesseiro01.jpg","width":300,"height":169,"caption":"Mutir\u00e3o em Travesseiro -RS (Foto: Divulga\u00e7\u00e3o\/MPA)"},{"@type":"BreadcrumbList","@id":"https:\/\/padrejosimo.com.br\/site\/noticias\/mutirao-da-esperanca-camponesa-une-campo-e-cidade-em-travesseiro\/#breadcrumb","itemListElement":[{"@type":"ListItem","position":1,"name":"In\u00edcio","item":"https:\/\/padrejosimo.com.br\/site\/"},{"@type":"ListItem","position":2,"name":"Not\u00edcias","item":"https:\/\/padrejosimo.com.br\/site\/noticias\/"},{"@type":"ListItem","position":3,"name":"Mutir\u00e3o Da Esperan\u00e7a Camponesa Une Campo E Cidade Em Travesseiro"}]},{"@type":"WebSite","@id":"https:\/\/padrejosimo.com.br\/site\/#website","url":"https:\/\/padrejosimo.com.br\/site\/","name":"Instituto Cultural Padre Josimo","description":"Comprometida com a promo\u00e7\u00e3o da justi\u00e7a social, agroecologia e educa\u00e7\u00e3o popular","publisher":{"@id":"https:\/\/padrejosimo.com.br\/site\/#organization"},"alternateName":"ICPJ","potentialAction":[{"@type":"SearchAction","target":{"@type":"EntryPoint","urlTemplate":"https:\/\/padrejosimo.com.br\/site\/?s={search_term_string}"},"query-input":{"@type":"PropertyValueSpecification","valueRequired":true,"valueName":"search_term_string"}}],"inLanguage":"pt-BR"},{"@type":"Organization","@id":"https:\/\/padrejosimo.com.br\/site\/#organization","name":"Instituto Cultural Padre Josimo","alternateName":"ICPJ","url":"https:\/\/padrejosimo.com.br\/site\/","logo":{"@type":"ImageObject","inLanguage":"pt-BR","@id":"https:\/\/padrejosimo.com.br\/site\/#\/schema\/logo\/image\/","url":"https:\/\/padrejosimo.com.br\/site\/wp-content\/uploads\/2025\/09\/cropped-icon-icpj.png","contentUrl":"https:\/\/padrejosimo.com.br\/site\/wp-content\/uploads\/2025\/09\/cropped-icon-icpj.png","width":512,"height":512,"caption":"Instituto Cultural Padre Josimo"},"image":{"@id":"https:\/\/padrejosimo.com.br\/site\/#\/schema\/logo\/image\/"}}]}},"_links":{"self":[{"href":"https:\/\/padrejosimo.com.br\/site\/wp-json\/wp\/v2\/noticias\/332","targetHints":{"allow":["GET"]}}],"collection":[{"href":"https:\/\/padrejosimo.com.br\/site\/wp-json\/wp\/v2\/noticias"}],"about":[{"href":"https:\/\/padrejosimo.com.br\/site\/wp-json\/wp\/v2\/types\/noticias"}],"wp:featuredmedia":[{"embeddable":true,"href":"https:\/\/padrejosimo.com.br\/site\/wp-json\/wp\/v2\/media\/333"}],"wp:attachment":[{"href":"https:\/\/padrejosimo.com.br\/site\/wp-json\/wp\/v2\/media?parent=332"}],"wp:term":[{"taxonomy":"categorias_noticias","embeddable":true,"href":"https:\/\/padrejosimo.com.br\/site\/wp-json\/wp\/v2\/categorias_noticias?post=332"}],"curies":[{"name":"wp","href":"https:\/\/api.w.org\/{rel}","templated":true}]}}