{"id":327,"date":"2017-07-14T14:25:44","date_gmt":"2017-07-14T17:25:44","guid":{"rendered":"http:\/\/padrejosimo.com.br\/site\/?post_type=noticias&#038;p=327"},"modified":"2017-07-14T14:46:58","modified_gmt":"2017-07-14T17:46:58","slug":"projeto-vozes-da-terra-promove-shows-gratuitos-no-municipio-de-charrua","status":"publish","type":"noticias","link":"https:\/\/padrejosimo.com.br\/site\/noticias\/projeto-vozes-da-terra-promove-shows-gratuitos-no-municipio-de-charrua\/","title":{"rendered":"Projeto Vozes da Terra promove shows gratuitos no munic\u00edpio de Charrua"},"content":{"rendered":"<p>S\u00e1bado, 22 de julho, vai ser dia de curtir m\u00fasica ao vivo no munic\u00edpio ga\u00facho de Charrua. Sempre promovendo eventos com entrada gratuita, o projeto \u201cVozes da Terra\u201d dessa vez leva os shows das bandas Esta\u00e7\u00e3o Brasil e da C\u00e9u e Cantos para a 9\u00aa Festa do Agricultor e Motorista da cidade. O evento \u00e9 realizado em parceria com a prefeitura\u00a0Charrua, o Sindicato dos Trabalhadores Rurais e a Emater-RS\/Ascar, e vai envolver a comunidade local com feiras, homenagens, concursos e atividades de integra\u00e7\u00e3o, almo\u00e7o e m\u00fasica.<\/p>\n<p><img fetchpriority=\"high\" decoding=\"async\" class=\"size-full wp-image-328 aligncenter\" src=\"https:\/\/padrejosimo.com.br\/site\/wp-content\/uploads\/2017\/07\/vozes_da_terra_charrua_site.jpg\" alt=\"\" width=\"500\" height=\"708\" srcset=\"https:\/\/padrejosimo.com.br\/site\/wp-content\/uploads\/2017\/07\/vozes_da_terra_charrua_site.jpg 500w, https:\/\/padrejosimo.com.br\/site\/wp-content\/uploads\/2017\/07\/vozes_da_terra_charrua_site-212x300.jpg 212w\" sizes=\"(max-width: 500px) 100vw, 500px\" \/><\/p>\n<p>&nbsp;<\/p>\n<p><strong>Confira a programa\u00e7\u00e3o<\/strong><\/p>\n<p>10h \u2013 Culto Ecum\u00eanico<br \/>\n 10h30 \u2013 Abertura Oficial<br \/>\n 11h \u2013 Concurso de Produtos Coloniais e Premia\u00e7\u00f5es a Motoristas<br \/>\n 12h \u2013 Almo\u00e7o de Confraterniza\u00e7\u00e3o<br \/>\n 13h \u2013 Apresenta\u00e7\u00f5es Art\u00edsticas Locais<br \/>\n 14h30 \u2013 Vozes da terra: Shows com Banda Esta\u00e7\u00e3o Brasil e Banda C\u00e9u e Cantos<\/p>\n<p><strong>O projeto<\/strong><\/p>\n<p>Realizado pelo Instituto Cultural Padre Josimo, com incentivo do Minist\u00e9rio da Cultura e patroc\u00ednio da Oleoplan, o projeto \u201cVozes da Terra\u201d leva shows gratuitos a munic\u00edpios do Rio Grande do Sul, proporcionando atividades culturais em que toda a fam\u00edlia possa participar, estimulando a pr\u00e1tica de h\u00e1bitos de arte e lazer. S\u00e3o espet\u00e1culos que contemplem a boa m\u00fasica de raiz do Brasil, valorizando a arte e a cultura de artistas regionais.<\/p>\n<p>O projeto busca envolver a comunidade local nas atividades de produ\u00e7\u00e3o, o que favorece as parcerias e fortalece la\u00e7os, bem como estimula o mercado cultural na regi\u00e3o. Al\u00e9m da gratuidade dos shows, tamb\u00e9m ser\u00e3o disponibilizados \u00f4nibus gratuitos para levar moradores de \u00e1reas perif\u00e9ricas ao evento.<\/p>\n<p>Prestigie essa grande festa do Colono e Motorista com a gente! Passe a tarde deste domingo curtindo os shows do projeto Vozes da Terra no Gin\u00e1sio Poliesportivo Municipal de Charrua, na Cidade Alta.<\/p>\n<p><em><strong>Justificativa do projeto<\/strong><\/em><\/p>\n<p><em>\u2013 Oferecer gratuitamente espet\u00e1culos de m\u00fasica regional do Sul do Brasil, para que a popula\u00e7\u00e3o em geral possa imprimir no seu dia a dia o interesse por atividades de Cultura e Lazer. Como a arte nem sempre chega a todos, remete a necessidade de desenvolver atividades gratuitas e de livre acesso a todas as classes sociais;<\/em><\/p>\n<p><em>\u2013 Fortalecer a identidade local e regional, atrav\u00e9s da arte, para que a cultura permane\u00e7a viva e em plena constru\u00e7\u00e3o e admira\u00e7\u00e3o pelos espectadores, incentivando as pr\u00e1ticas culturais saud\u00e1veis e alternativas, principalmente aos jovens e adolescentes, alvos do crime organizado;<\/em><\/p>\n<p><em>\u2013 Criar espa\u00e7os para que artistas que vivem da m\u00fasica regional, muitas vezes ainda na obscuridade da m\u00eddia, possam mostrar e divulgar a comunidade sua arte, possibilitando a amplia\u00e7\u00e3o de trabalho;<\/em><\/p>\n<p><em>\u2013 Envolver a comunidade e os poderes institu\u00eddos, assim como a m\u00eddia local, para despertar novos valores em torno de atividades culturais;<\/em><\/p>\n<p><em>\u2013 Estimular o com\u00e9rcio local, atento ao empreendedorismo dos pequenos comerciantes, propiciando a comercializa\u00e7\u00e3o de seus produtos durante a realiza\u00e7\u00e3o do evento, gerando renda \u00e0 economia familiar e solid\u00e1ria.<\/em><\/p>\n","protected":false},"excerpt":{"rendered":"<p>S\u00e1bado, 22 de julho, vai ser dia de curtir m\u00fasica ao vivo no munic\u00edpio ga\u00facho de Charrua. Sempre promovendo eventos com entrada gratuita, o projeto \u201cVozes da Terra\u201d dessa vez leva os shows das bandas Esta\u00e7\u00e3o Brasil e da C\u00e9u e Cantos para a 9\u00aa Festa do Agricultor e Motorista da cidade.<\/p>\n","protected":false},"featured_media":328,"template":"","categorias_noticias":[4,13],"class_list":["post-327","noticias","type-noticias","status-publish","has-post-thumbnail","hentry","categorias_noticias-eventos","categorias_noticias-noticias"],"acf":[],"yoast_head":"<!-- This site is optimized with the Yoast SEO plugin v27.2 - https:\/\/yoast.com\/product\/yoast-seo-wordpress\/ -->\n<title>Projeto Vozes da Terra promove shows gratuitos no munic\u00edpio de Charrua - Instituto Cultural Padre Josimo<\/title>\n<meta name=\"robots\" content=\"index, follow, max-snippet:-1, max-image-preview:large, max-video-preview:-1\" \/>\n<link rel=\"canonical\" href=\"https:\/\/padrejosimo.com.br\/site\/noticias\/projeto-vozes-da-terra-promove-shows-gratuitos-no-municipio-de-charrua\/\" \/>\n<meta property=\"og:locale\" content=\"pt_BR\" \/>\n<meta property=\"og:type\" content=\"article\" \/>\n<meta property=\"og:title\" content=\"Projeto Vozes da Terra promove shows gratuitos no munic\u00edpio de Charrua - Instituto Cultural Padre Josimo\" \/>\n<meta property=\"og:description\" content=\"S\u00e1bado, 22 de julho, vai ser dia de curtir m\u00fasica ao vivo no munic\u00edpio ga\u00facho de Charrua. Sempre promovendo eventos com entrada gratuita, o projeto \u201cVozes da Terra\u201d dessa vez leva os shows das bandas Esta\u00e7\u00e3o Brasil e da C\u00e9u e Cantos para a 9\u00aa Festa do Agricultor e Motorista da cidade.\" \/>\n<meta property=\"og:url\" content=\"https:\/\/padrejosimo.com.br\/site\/noticias\/projeto-vozes-da-terra-promove-shows-gratuitos-no-municipio-de-charrua\/\" \/>\n<meta property=\"og:site_name\" content=\"Instituto Cultural Padre Josimo\" \/>\n<meta property=\"article:modified_time\" content=\"2017-07-14T17:46:58+00:00\" \/>\n<meta property=\"og:image\" content=\"https:\/\/padrejosimo.com.br\/site\/wp-content\/uploads\/2017\/07\/vozes_da_terra_charrua_site.jpg\" \/>\n\t<meta property=\"og:image:width\" content=\"500\" \/>\n\t<meta property=\"og:image:height\" content=\"708\" \/>\n\t<meta property=\"og:image:type\" content=\"image\/jpeg\" \/>\n<meta name=\"twitter:card\" content=\"summary_large_image\" \/>\n<meta name=\"twitter:label1\" content=\"Est. tempo de leitura\" \/>\n\t<meta name=\"twitter:data1\" content=\"3 minutos\" \/>\n<script type=\"application\/ld+json\" class=\"yoast-schema-graph\">{\"@context\":\"https:\/\/schema.org\",\"@graph\":[{\"@type\":\"WebPage\",\"@id\":\"https:\/\/padrejosimo.com.br\/site\/noticias\/projeto-vozes-da-terra-promove-shows-gratuitos-no-municipio-de-charrua\/\",\"url\":\"https:\/\/padrejosimo.com.br\/site\/noticias\/projeto-vozes-da-terra-promove-shows-gratuitos-no-municipio-de-charrua\/\",\"name\":\"Projeto Vozes da Terra promove shows gratuitos no munic\u00edpio de Charrua - Instituto Cultural Padre Josimo\",\"isPartOf\":{\"@id\":\"https:\/\/padrejosimo.com.br\/site\/#website\"},\"primaryImageOfPage\":{\"@id\":\"https:\/\/padrejosimo.com.br\/site\/noticias\/projeto-vozes-da-terra-promove-shows-gratuitos-no-municipio-de-charrua\/#primaryimage\"},\"image\":{\"@id\":\"https:\/\/padrejosimo.com.br\/site\/noticias\/projeto-vozes-da-terra-promove-shows-gratuitos-no-municipio-de-charrua\/#primaryimage\"},\"thumbnailUrl\":\"https:\/\/padrejosimo.com.br\/site\/wp-content\/uploads\/2017\/07\/vozes_da_terra_charrua_site.jpg\",\"datePublished\":\"2017-07-14T17:25:44+00:00\",\"dateModified\":\"2017-07-14T17:46:58+00:00\",\"breadcrumb\":{\"@id\":\"https:\/\/padrejosimo.com.br\/site\/noticias\/projeto-vozes-da-terra-promove-shows-gratuitos-no-municipio-de-charrua\/#breadcrumb\"},\"inLanguage\":\"pt-BR\",\"potentialAction\":[{\"@type\":\"ReadAction\",\"target\":[\"https:\/\/padrejosimo.com.br\/site\/noticias\/projeto-vozes-da-terra-promove-shows-gratuitos-no-municipio-de-charrua\/\"]}]},{\"@type\":\"ImageObject\",\"inLanguage\":\"pt-BR\",\"@id\":\"https:\/\/padrejosimo.com.br\/site\/noticias\/projeto-vozes-da-terra-promove-shows-gratuitos-no-municipio-de-charrua\/#primaryimage\",\"url\":\"https:\/\/padrejosimo.com.br\/site\/wp-content\/uploads\/2017\/07\/vozes_da_terra_charrua_site.jpg\",\"contentUrl\":\"https:\/\/padrejosimo.com.br\/site\/wp-content\/uploads\/2017\/07\/vozes_da_terra_charrua_site.jpg\",\"width\":500,\"height\":708},{\"@type\":\"BreadcrumbList\",\"@id\":\"https:\/\/padrejosimo.com.br\/site\/noticias\/projeto-vozes-da-terra-promove-shows-gratuitos-no-municipio-de-charrua\/#breadcrumb\",\"itemListElement\":[{\"@type\":\"ListItem\",\"position\":1,\"name\":\"In\u00edcio\",\"item\":\"https:\/\/padrejosimo.com.br\/site\/\"},{\"@type\":\"ListItem\",\"position\":2,\"name\":\"Not\u00edcias\",\"item\":\"https:\/\/padrejosimo.com.br\/site\/noticias\/\"},{\"@type\":\"ListItem\",\"position\":3,\"name\":\"Projeto Vozes da Terra promove shows gratuitos no munic\u00edpio de Charrua\"}]},{\"@type\":\"WebSite\",\"@id\":\"https:\/\/padrejosimo.com.br\/site\/#website\",\"url\":\"https:\/\/padrejosimo.com.br\/site\/\",\"name\":\"Instituto Cultural Padre Josimo\",\"description\":\"Comprometida com a promo\u00e7\u00e3o da justi\u00e7a social, agroecologia e educa\u00e7\u00e3o popular\",\"publisher\":{\"@id\":\"https:\/\/padrejosimo.com.br\/site\/#organization\"},\"alternateName\":\"ICPJ\",\"potentialAction\":[{\"@type\":\"SearchAction\",\"target\":{\"@type\":\"EntryPoint\",\"urlTemplate\":\"https:\/\/padrejosimo.com.br\/site\/?s={search_term_string}\"},\"query-input\":{\"@type\":\"PropertyValueSpecification\",\"valueRequired\":true,\"valueName\":\"search_term_string\"}}],\"inLanguage\":\"pt-BR\"},{\"@type\":\"Organization\",\"@id\":\"https:\/\/padrejosimo.com.br\/site\/#organization\",\"name\":\"Instituto Cultural Padre Josimo\",\"alternateName\":\"ICPJ\",\"url\":\"https:\/\/padrejosimo.com.br\/site\/\",\"logo\":{\"@type\":\"ImageObject\",\"inLanguage\":\"pt-BR\",\"@id\":\"https:\/\/padrejosimo.com.br\/site\/#\/schema\/logo\/image\/\",\"url\":\"https:\/\/padrejosimo.com.br\/site\/wp-content\/uploads\/2025\/09\/cropped-icon-icpj.png\",\"contentUrl\":\"https:\/\/padrejosimo.com.br\/site\/wp-content\/uploads\/2025\/09\/cropped-icon-icpj.png\",\"width\":512,\"height\":512,\"caption\":\"Instituto Cultural Padre Josimo\"},\"image\":{\"@id\":\"https:\/\/padrejosimo.com.br\/site\/#\/schema\/logo\/image\/\"}}]}<\/script>\n<!-- \/ Yoast SEO plugin. -->","yoast_head_json":{"title":"Projeto Vozes da Terra promove shows gratuitos no munic\u00edpio de Charrua - Instituto Cultural Padre Josimo","robots":{"index":"index","follow":"follow","max-snippet":"max-snippet:-1","max-image-preview":"max-image-preview:large","max-video-preview":"max-video-preview:-1"},"canonical":"https:\/\/padrejosimo.com.br\/site\/noticias\/projeto-vozes-da-terra-promove-shows-gratuitos-no-municipio-de-charrua\/","og_locale":"pt_BR","og_type":"article","og_title":"Projeto Vozes da Terra promove shows gratuitos no munic\u00edpio de Charrua - Instituto Cultural Padre Josimo","og_description":"S\u00e1bado, 22 de julho, vai ser dia de curtir m\u00fasica ao vivo no munic\u00edpio ga\u00facho de Charrua. Sempre promovendo eventos com entrada gratuita, o projeto \u201cVozes da Terra\u201d dessa vez leva os shows das bandas Esta\u00e7\u00e3o Brasil e da C\u00e9u e Cantos para a 9\u00aa Festa do Agricultor e Motorista da cidade.","og_url":"https:\/\/padrejosimo.com.br\/site\/noticias\/projeto-vozes-da-terra-promove-shows-gratuitos-no-municipio-de-charrua\/","og_site_name":"Instituto Cultural Padre Josimo","article_modified_time":"2017-07-14T17:46:58+00:00","og_image":[{"width":500,"height":708,"url":"https:\/\/padrejosimo.com.br\/site\/wp-content\/uploads\/2017\/07\/vozes_da_terra_charrua_site.jpg","type":"image\/jpeg"}],"twitter_card":"summary_large_image","twitter_misc":{"Est. tempo de leitura":"3 minutos"},"schema":{"@context":"https:\/\/schema.org","@graph":[{"@type":"WebPage","@id":"https:\/\/padrejosimo.com.br\/site\/noticias\/projeto-vozes-da-terra-promove-shows-gratuitos-no-municipio-de-charrua\/","url":"https:\/\/padrejosimo.com.br\/site\/noticias\/projeto-vozes-da-terra-promove-shows-gratuitos-no-municipio-de-charrua\/","name":"Projeto Vozes da Terra promove shows gratuitos no munic\u00edpio de Charrua - Instituto Cultural Padre Josimo","isPartOf":{"@id":"https:\/\/padrejosimo.com.br\/site\/#website"},"primaryImageOfPage":{"@id":"https:\/\/padrejosimo.com.br\/site\/noticias\/projeto-vozes-da-terra-promove-shows-gratuitos-no-municipio-de-charrua\/#primaryimage"},"image":{"@id":"https:\/\/padrejosimo.com.br\/site\/noticias\/projeto-vozes-da-terra-promove-shows-gratuitos-no-municipio-de-charrua\/#primaryimage"},"thumbnailUrl":"https:\/\/padrejosimo.com.br\/site\/wp-content\/uploads\/2017\/07\/vozes_da_terra_charrua_site.jpg","datePublished":"2017-07-14T17:25:44+00:00","dateModified":"2017-07-14T17:46:58+00:00","breadcrumb":{"@id":"https:\/\/padrejosimo.com.br\/site\/noticias\/projeto-vozes-da-terra-promove-shows-gratuitos-no-municipio-de-charrua\/#breadcrumb"},"inLanguage":"pt-BR","potentialAction":[{"@type":"ReadAction","target":["https:\/\/padrejosimo.com.br\/site\/noticias\/projeto-vozes-da-terra-promove-shows-gratuitos-no-municipio-de-charrua\/"]}]},{"@type":"ImageObject","inLanguage":"pt-BR","@id":"https:\/\/padrejosimo.com.br\/site\/noticias\/projeto-vozes-da-terra-promove-shows-gratuitos-no-municipio-de-charrua\/#primaryimage","url":"https:\/\/padrejosimo.com.br\/site\/wp-content\/uploads\/2017\/07\/vozes_da_terra_charrua_site.jpg","contentUrl":"https:\/\/padrejosimo.com.br\/site\/wp-content\/uploads\/2017\/07\/vozes_da_terra_charrua_site.jpg","width":500,"height":708},{"@type":"BreadcrumbList","@id":"https:\/\/padrejosimo.com.br\/site\/noticias\/projeto-vozes-da-terra-promove-shows-gratuitos-no-municipio-de-charrua\/#breadcrumb","itemListElement":[{"@type":"ListItem","position":1,"name":"In\u00edcio","item":"https:\/\/padrejosimo.com.br\/site\/"},{"@type":"ListItem","position":2,"name":"Not\u00edcias","item":"https:\/\/padrejosimo.com.br\/site\/noticias\/"},{"@type":"ListItem","position":3,"name":"Projeto Vozes da Terra promove shows gratuitos no munic\u00edpio de Charrua"}]},{"@type":"WebSite","@id":"https:\/\/padrejosimo.com.br\/site\/#website","url":"https:\/\/padrejosimo.com.br\/site\/","name":"Instituto Cultural Padre Josimo","description":"Comprometida com a promo\u00e7\u00e3o da justi\u00e7a social, agroecologia e educa\u00e7\u00e3o popular","publisher":{"@id":"https:\/\/padrejosimo.com.br\/site\/#organization"},"alternateName":"ICPJ","potentialAction":[{"@type":"SearchAction","target":{"@type":"EntryPoint","urlTemplate":"https:\/\/padrejosimo.com.br\/site\/?s={search_term_string}"},"query-input":{"@type":"PropertyValueSpecification","valueRequired":true,"valueName":"search_term_string"}}],"inLanguage":"pt-BR"},{"@type":"Organization","@id":"https:\/\/padrejosimo.com.br\/site\/#organization","name":"Instituto Cultural Padre Josimo","alternateName":"ICPJ","url":"https:\/\/padrejosimo.com.br\/site\/","logo":{"@type":"ImageObject","inLanguage":"pt-BR","@id":"https:\/\/padrejosimo.com.br\/site\/#\/schema\/logo\/image\/","url":"https:\/\/padrejosimo.com.br\/site\/wp-content\/uploads\/2025\/09\/cropped-icon-icpj.png","contentUrl":"https:\/\/padrejosimo.com.br\/site\/wp-content\/uploads\/2025\/09\/cropped-icon-icpj.png","width":512,"height":512,"caption":"Instituto Cultural Padre Josimo"},"image":{"@id":"https:\/\/padrejosimo.com.br\/site\/#\/schema\/logo\/image\/"}}]}},"_links":{"self":[{"href":"https:\/\/padrejosimo.com.br\/site\/wp-json\/wp\/v2\/noticias\/327","targetHints":{"allow":["GET"]}}],"collection":[{"href":"https:\/\/padrejosimo.com.br\/site\/wp-json\/wp\/v2\/noticias"}],"about":[{"href":"https:\/\/padrejosimo.com.br\/site\/wp-json\/wp\/v2\/types\/noticias"}],"wp:featuredmedia":[{"embeddable":true,"href":"https:\/\/padrejosimo.com.br\/site\/wp-json\/wp\/v2\/media\/328"}],"wp:attachment":[{"href":"https:\/\/padrejosimo.com.br\/site\/wp-json\/wp\/v2\/media?parent=327"}],"wp:term":[{"taxonomy":"categorias_noticias","embeddable":true,"href":"https:\/\/padrejosimo.com.br\/site\/wp-json\/wp\/v2\/categorias_noticias?post=327"}],"curies":[{"name":"wp","href":"https:\/\/api.w.org\/{rel}","templated":true}]}}