{"id":3220,"date":"2020-07-09T06:10:01","date_gmt":"2020-07-09T09:10:01","guid":{"rendered":"https:\/\/padrejosimo.com.br\/site\/?post_type=noticias&#038;p=3220"},"modified":"2020-07-09T10:20:31","modified_gmt":"2020-07-09T13:20:31","slug":"em-nota-publica-mais-de-300-padres-se-solidarizam-com-pe-edson-adelio-tagliaferro","status":"publish","type":"noticias","link":"https:\/\/padrejosimo.com.br\/site\/noticias\/em-nota-publica-mais-de-300-padres-se-solidarizam-com-pe-edson-adelio-tagliaferro\/","title":{"rendered":"Em nota p\u00fablica, mais de 300 padres se solidarizam com Pe Edson Ad\u00e9lio Tagliaferro"},"content":{"rendered":"<p>Um grupo de mais de 300 padres e religiosos cat\u00f3licos publicou uma nota de solidariedade ao padre Edson Ad\u00e9lio Tagliaferro, da Igreja Matriz Nossa Senhora das Dores, que fica em Artur Nogueira, no interior de S\u00e3o Paulo. Ap\u00f3s fazer cr\u00edticas ao governo Bolsonaro em uma homilia e ter parte de sua fala filmada e viralizada nas redes sociais, o religioso passou a ser alvo de ataques e amea\u00e7as por parte dos apoiadores do presidente. O documento manifesta solidariedade a Pe. Edson e reafirma cr\u00edticas severas ao modo de ser e agir do presidente da Rep\u00fablica e de seus seguidores, incompat\u00edveis com a f\u00e9 crist\u00e3 e o exemplo legado por Jesus Cristo.<\/p>\n<p>\u201cViemos nos solidarizar com voc\u00ea, nosso irm\u00e3o, Padre Edson Ad\u00e9lio Tagliaferro. N\u00f3s nos alegramos com sua voz prof\u00e9tica que se levanta para denunciar todo esse projeto de morte que vem sendo implantado! Saiba que voc\u00ea n\u00e3o est\u00e1 sozinho. Conte sempre conosco e com nossa solidariedade. E agradecemos ao bom Deus que n\u00e3o deixa morrer a profecia. Continua a suscitar homens de coragem e de compromisso. Continue sendo essa voz que denuncia tudo o que diminui ou mata a vida de nosso povo&#8221;, escrevem os Padres da Caminhada, de todo o Brasil, em apoio ao Padre Edson Tagliaferro.<\/p>\n<p>Assista ao pronunciamento prof\u00e9tico de Padre Edson:<\/p>\n<p><iframe src=\"\/\/www.youtube.com\/embed\/-UDranfnqwI\" width=\"560\" height=\"314\" allowfullscreen=\"allowfullscreen\"><\/iframe><\/p>\n<p>&nbsp;<\/p>\n<p>Leia o manifesto dos Padres da Caminhada na \u00edntegra:<\/p>\n<p>&nbsp;<\/p>\n<blockquote>\n<p><strong><em>NOTA DE APOIO AO PADRE EDSON AD\u00c9LIO TAGLIAFERRO<\/em><\/strong><\/p>\n<p>&nbsp;<\/p>\n<p><em>\u201cSe calarem a voz dos profetas, as pedras falar\u00e3o. Se fecharem os poucos caminhos, mil trilhas nascer\u00e3o\u201d(P\u00e3o de Igualdade, de Cec\u00edlia Vaz Castilho)<\/em><\/p>\n<p>&nbsp;<\/p>\n<p><em>O \u00a0texto b\u00edblico\u00a0 que\u00a0 inspirou esta\u00a0 m\u00fasica\u00a0 de Cec\u00edlia\u00a0 Vaz Castilho est\u00e1 no\u00a0 contexto\u00a0 da entrada de Jesus em Jerusal\u00e9m. Os fariseus, neste momento, pedem que Jesus mande as multid\u00f5es se calarem! Logo depois Jesus chora sobre Jerusal\u00e9m, por causa da falta de acolhida \u00e0\u00a0 sua\u00a0 proposta de\u00a0 vida e liberdade.\u00a0 A seguir Jesus\u00a0 entra\u00a0 no\u00a0 Templo e expulsa de l\u00e1 os comerciantes, acusando-os de desvirtuarem a religi\u00e3o, que manipula Deus e a f\u00e9 do povo em vista de seus interesses (cf. Lc 19,39-40).\u00a0 Alguns te\u00f3logos afirmam que aqui est\u00e1 o motivo pelo qual Jesus foi condenado, pois mexeu no cora\u00e7\u00e3o do sistema pol\u00edtico-religioso-financeiro.<\/em><\/p>\n<p>&nbsp;<\/p>\n<p><em>Frei Betto constantemente nos lembra que somos seguidores de um perseguido pol\u00edtico, que foi assassinado pelo\u00a0 centro\u00a0 do poder\u00a0 de\u00a0 sua\u00a0 \u00e9poca. Jesus n\u00e3o se dobrou nem compactuou com os poderes de sua \u00e9poca. Permaneceu firme \u00e0 miss\u00e3o que Deus lhe confiou, instaurou o Reino com seu jeito de ser e de viver. Pautou sua vida pelo carinho e acolhida. Mas, nem por isso, foi conivente com as injusti\u00e7as e tantos desmandos de sua \u00e9poca.\u00a0 Jesus, neste sentido, foi verdadeiramente Profeta.\u00a0 N\u00e3o se calou nem permitiu que calassem a voz dos pequenos e humildes, das mulheres e dos pecadores, dos marginalizados e tantos intoc\u00e1veis de seu tempo. Pela fidelidade a Deus e ao Povo levou at\u00e9 o fim a sua miss\u00e3o prof\u00e9tica, sem pedir licen\u00e7a nem perd\u00e3o aos poderosos.<\/em><\/p>\n<p>&nbsp;<\/p>\n<p><em>Em sintonia com o Mestre, Profeta e M\u00e1rtir Jesus, n\u00e3o podemos nos calar diante de tanta injusti\u00e7a e de tantos desmandos. Um projeto de morte vem sendo instalado em nosso Pa\u00eds.\u00a0 Este projeto de morte congelou os investimentos no campo social por 20 anos, cortou direitos trabalhistas, deu um golpe terr\u00edvel na Previd\u00eancia; ainda temos muitos outros sinais desta necropol\u00edtica. Al\u00e9m disso, est\u00e1 avan\u00e7ando numa pol\u00edtica econ\u00f4mica ultraliberal que tem como horizonte a privatiza\u00e7\u00e3o de empresas estatais importantes e abre m\u00e3o da soberania, submetendo-se a uma subservi\u00eancia ao poder imperial e econ\u00f4mico estadunidense. Este projeto n\u00e3o leva em conta a vida dos pobres e descart\u00e1veis da sociedade.<\/em><\/p>\n<p>&nbsp;<\/p>\n<p><em>Se n\u00e3o bastasse isso, ainda encontramos \u201cc\u00e3es de guarda\u201d do capital e desta necropol\u00edtica. S\u00e3o pessoas que se empenham diuturnamente a fazer linchamentos de pessoas pelas redes sociais. Seus instrumentos s\u00e3o largamente conhecidos e est\u00e3o sob investiga\u00e7\u00e3o. Disseminam not\u00edcias mentirosas e destroem a vida dos que se op\u00f5em a este projeto de morte. Qualquer um que se atreva a discordar ou levantar sua voz contra este projeto e seus executores sofrem ataques sem d\u00f3 nem piedade, chegando ao ponto de sofrerem tamb\u00e9m amea\u00e7as e press\u00f5es.<\/em><\/p>\n<p>&nbsp;<\/p>\n<p><em>Mas a profecia na Igreja, embora n\u00e3o seja a maioria, resiste! Ela n\u00e3o est\u00e1 adormecida! Temos\u00a0\u00a0 muitas comunidades e pessoas que mesmo diante das persegui\u00e7\u00f5es e tribula\u00e7\u00f5es mant\u00eam-se fi\u00e9is no seguimento do Morto-Ressuscitado, anunciando o Reino e denunciando as mazelas dos poderes deste mundo. Queremos trazer presente e agradecer a Deus por uma voz que n\u00e3o se calou! Ousou levantar sua voz prof\u00e9tica diante desse projeto de morte, para anunciar o projeto de Jesus, pois \u201cquem comunga o seu Evangelho n\u00e3o pode se associar ao reino da morte\u201d (Padre Edson Ad\u00e9lio Tagliaferro). No dia 02 de julho, quinta-feira, Padre Edson refletiu sobre as leituras e sobre a realidade em que nos encontramos. N\u00e3o foi discurso de pol\u00edtico! Foi discurso teol\u00f3gico!\u00a0 Assim como os profetas e Jesus, Padre Edson denunciou a opress\u00e3o e o descaso que nosso povo brasileiro est\u00e1 submetido. N\u00e3o \u00e9 poss\u00edvel ficar impass\u00edvel, indiferente diante de tantas mortes, de maneira especial dos empobrecidos e dos esquecidos.<\/em><\/p>\n<p>&nbsp;<\/p>\n<p><em>Dante Alighieri retrata o futuro dos indiferentes, ou no dizer de Jesus, daqueles que s\u00e3o mornos, nem frios nem quentes, que ocupar\u00e3o o vest\u00edbulo (ante-inferno) aqueles que n\u00e3o se rebelaram nem foram fi\u00e9is a Deus (Inferno, Canto III,61-63), o qual John F. Kennedy interpretou da seguinte forma: \u201cNo inferno os lugares mais quentes s\u00e3o aqueles reservados \u00e0queles que escolheram a neutralidade em tempos de crise\u201d. N\u00e3o existe neutralidade quando o povo, principalmente, os empobrecidos s\u00e3o solapados em seus direitos e em sua justi\u00e7a. Por emprestar sua voz \u00e0 voz dos empobrecidos, Padre Edson teve um gesto de pai e de profeta. E agora, por tal atitude, ele tem sido v\u00edtima de ataques e manipula\u00e7\u00f5es de grupos que estimulam o \u00f3dio, a mentira e o linchamento virtual. Tais pr\u00e1ticas s\u00e3o pr\u00f3prias de quem est\u00e1 distante do\u00a0 Deus do Reino, pois \u201co Diabo \u00e9 mentiroso e pai da mentira\u201d (Jo 8,44).<\/em><\/p>\n<p>&nbsp;<\/p>\n<p><em>Por isso, n\u00f3s, que nos denominamos \u201cPadres da Caminhada\u201d, articulados em n\u00edvel de Brasil, viemos nos solidarizar com voc\u00ea, nosso irm\u00e3o, Padre Edson Ad\u00e9lio Tagliaferro. N\u00f3s nos alegramos com sua voz prof\u00e9tica que se levanta para denunciar todo esse projeto de morte que vem sendo implantado! Saiba que voc\u00ea n\u00e3o est\u00e1 sozinho. Conte sempre conosco e com nossa solidariedade. E agradecemos ao bom Deus que n\u00e3o deixa morrer a profecia. Continua a suscitar homens de coragem e de compromisso. Continue sendo essa voz que denuncia tudo o que diminui ou mata a vida de nosso povo. As palavras do profeta continuam a ecoar em nossas mentes e em nossos cora\u00e7\u00f5es: contra uma religi\u00e3o ref\u00e9m das conveni\u00eancias e dos intimismos, \u201cque o direito corra como a \u00e1gua e a justi\u00e7a como um rio caudaloso\u201d (cf. Am 5,21-27).\u00a0 Vale tamb\u00e9m lembrar o Papa Francisco, na Exorta\u00e7\u00e3o Evangelii Gaudiumm: \u201cA miss\u00e3o \u00e9 uma paix\u00e3o por Jesus, e simultaneamente pelo seu povo\u201d (268) e de seu chamado a cada um de n\u00f3s que \u00e9 a de \u201cque toquemos a mis\u00e9ria humana, que toquemos a carne sofredora dos outros\u201d (270). Somente quem tem amor a Deus e ao povo \u00e9 capaz de n\u00e3o se conformar e calar.\u00a0 Quem tem a capacidade de se sensibilizar pelas chagas do povo precisa gritar para que toda essa morte cesse! \u201cSe eles calarem, as pedras gritar\u00e3o!\u201d.<\/em><\/p>\n<p>&nbsp;<\/p>\n<p><em>Conte sempre com nosso apoio neste momento e em toda a sua caminhada. N\u00e3o estamos s\u00f3s! Estamos distantes, mas unidos num mesmo sonho, num mesmo projeto. Continue sendo sempre este grande profeta e conte sempre com nossas ora\u00e7\u00f5es.<\/em><\/p>\n<p>&nbsp;<\/p>\n<p><em>Assinam essa Nota de Solidariedade, corrigida em 08 de julho de 2020.<\/em><\/p>\n<p>&nbsp;<\/p>\n<p><em>1.Pe.Adalberto Reani -2.Pe. Adeventino Alves de Oliveira \u2013Diocese de Apucarana \u2013PR 3.Pe. Ada\u00edlson Oliveira da Silva -Arquidiocese de Bel\u00e9m do Par\u00e1 \u2013PA.4.Pe. Adalberto do Esp\u00edrito Santo Brand\u00e3o \u2013Arq.de Bel\u00e9m do Par\u00e1 \u2013PA.5.Pe.Adamor Lima -Diocese de Abaetetuba\u2013SP.6.Pe. Adrick Jos\u00e9 de Sousa Ara\u00fajo \u2013Arquidiocese de Bel\u00e9m do Par\u00e1 \u2013PA.7.Pe. Adilson Ramos de Melo -Arquidiocese de Montes Claros-MG8.Pe. Adilson Zilio diocese de Caxias do Sul-RS9.Frei Afonso Domingos Rosa -OFM\u00a0 -Guarania\u00e7u \u2013PR10.Pe. Agenor Martins da Silva CSSR.\u00a0 -Campo Grande -MS11.Frei Agenor Chiarinelli, OSA,Arquidiocese de Belo Horizonte \u2013MG. 12.Pe. Alberto Reani -Diocese da Floresta Pernambuco. 13.Pe. Alberto Maia de Lima \u2013Arquidiocese de Bel\u00e9m do Par\u00e1 \u2013PA. 14.Pe. Alcides Andreatta -Diocese de Corn\u00e9lio Proc\u00f3pio -PR15.Pe. Alcimar Ara\u00fajo, Arquidiocese de Manaus16.Pe.Alfonso Antoni -Santa Cruz do Sul -RS17.Fr. Alex Assun\u00e7\u00e3o, OFM -Mission\u00e1rio na Amaz\u00f4nia -Boa Vista-RR18.Pe. Alex Jos\u00e9 Kloppenburg \u2013Diocese de Bag\u00e9 \u2013RS19.Frei Alexandre Magno Cordeiro da Silva, Arquidiocese de Curitiba PR20.Pe.Alexandre Jos\u00e9 de Albuquerque -Diocese de Nova Friburgo \u2013RJ21.Pe. Altair Manieri \u2013Arquidiocese de Londrina \u2013PR22.Di\u00e1c. Alu\u00edsio Ronchini -Diocese de Limeira,23.Pe. Agostinho Filho de Sousa Cruz\u2013Arquidiocese de Bel\u00e9m do Par\u00e1 \u2013PA.24.Pe. Aguinaldo Ramos Freitas\u2013Arquidiocese de Bel\u00e9m do Par\u00e1 \u2013PA. 25.Pe. Agnaldo Pereira de Oliveira J\u00fanior \u2013Jesu\u00edta -Bras\u00edlia. 26.Pe. Amauri Ruiz \u2013Diocese de Apucarana \u2013PR27.Pe.Amaxandro Feitosa da Silva, Comboniano -Arquidiocese de S\u00e3o Paulo28.Dom Anderson Luiz Golin -Diocese Anglicana de Caxias do Sul RS29.Pe. Andr\u00e9 Luiz Maia Teles \u2013Arquidiocese de Bel\u00e9m do Par\u00e1 \u2013PA.30.Pe. Andr\u00e9 Lu\u00eds de Oliveira -Arquidiocese de Londrina\u2013PR31.Pe. Andr\u00e9 Magela Janu\u00e1rio -Arquidiocese Belo Horizonte -MG32.Pe. Antonio Aparecido Pereira -S\u00e3o\u00a0 Paulo SP33.Pe. Ant\u00f4nio Arcanjo Cruz \u2013Arquidiocese de Bel\u00e9m do Par\u00e1 \u2013PA.34.Pe. Antonio Beltr\u00e3o Ribeiro -Arquidiocese de Bel\u00e9m -PA 35.Pe. Ant\u00f4nio Cezar Augusto de Souza \u2013Arquidiocese de Bel\u00e9m do Par\u00e1 \u2013PA.36.Pe. Ant\u00f4nio Carlos Fernandes, SDN \u2013Diocese de Caratinga \u2013MG 37.Pe. Ant\u00f4nio Carlos Ferreira de Souza -Arquidiocese de Belo Horizonte -MG.38.Pe. Ant\u00f4nio Dam\u00e1sio R\u00eago Filho-Arquidiocese de Belo Horizonte -MG.39.Pe. Antonio Jos\u00e9 de Almeida \u2013Diocese de Apucarana \u2013PR. 40.Pe. Antonio Manzatto \u2013Arquidiocese de S\u00e3o Paulo \u2013SP41.Pe. Ant\u00f4nio de P\u00e1dua Rodrigues da Silva \u2013Arq.de Bel\u00e9m do Par\u00e1 \u2013PA.42.Pe.Ant\u00f4nio de Jesus Sardinha \u2013Diocese de Jales \u2013SP43.Pe. Antonio Lopes de Lima \u2013Diocese de Limoeiro do Norte \u2013CE44.Frei Antonio Michels, franciscano -Rocinha -Arquidiocese do Rio de Janeiro. 45.Pe. Antonio Luis Fernandes -Diocese de S\u00e3o Gabriel da Cachoeira.46.Frei Ant\u00f4nio Te\u00f3filo daSilva Filho-Rib. das Neves \u2013MG47.Frei Armando Mariani ofm. Arquidiocese de Porto Alegre-RS48.Frei At\u00edlio Battistuz,\u00a0 OFM -Prelazia do Maraj\u00f349.Pe. Aylton Lopes dos Santos -Arquidiocese de Montes Claros -MG50.Pe. Bruno Steim \u2013Diocese de Limeira \u2013SP 51.Pe. Carlos Jos\u00e9 de Almeida Sousa \u2013Arquidiocese de Bel\u00e9m do Par\u00e1 \u2013PA.52.Frei Carlos Raimundo Rockenbach -Capuchinho -Diocese de Vacaria-RS53.Pe. Carlos Roberto\u00a0 Borges J\u00fanior -Diocese de Goi\u00e1s -GO54.Frei Celio de Padua Garcia \u2013Ordem dos pregadores \u2013Dominicano. 55.Pe. Celso Carlos Puttkammer dos Santos \u2013Prelazia do Maraj\u00f3 \u2013PA 56.Pe. Celso Ciconetto da Diocese de Caxias do Sul -RS.57.Pe.Celso Leonel Carpenedo\u00a0 -Diocese de Goi\u00e1s \u2013GO58.Frei Celso M\u00e1rcio Teixeira -franciscano -Ribeirao das Neves -MG59.Pe. Celso Luis Ciconetto -Diocese de Caxias doSul -RS60.Pe. Celso Pedro Copetti -Josefinode Murialdo \u2013Londrina61.Pe.Cl\u00e1udio de Sousa Barradas\u2013Arquidiocese de Bel\u00e9m do Par\u00e1 \u2013PA62.Pe. Cleiton Marcos da Silva Liker \u2013Arquidiocese de Bel\u00e9m do Par\u00e1 \u2013PA.63.Pe. Cleto Jo\u00e3o St\u00fclp-Diocese de Chapec\u00f364.Pe.Crist\u00f3v\u00e3o Santos Freitas\u2013Arquidiocese de Bel\u00e9m do Par\u00e1 \u2013PA65.Pe.Damiano Fortin -Diocese de Padova -Italia66.Pe. Danilo Pena \u2013Diocese de Jacarezinho \u2013PR67.Pe. Danilo Cesar de Lima \u2013Arquidiocese de Belo Horizonte -MG.68.Pe. Darci Camatti -Diocese de Caxias do Sul -RS69.Pe. D\u00e9cio Valdevino Marques -arquidiocese de Maring\u00e1 \u2013PR 70.Pe. Decio Podenski -Diocese de Caxias do Sul \u2013RS71.Dejacir Costa Pinho -Diocese de Joinvile \/SC72.Pe. Dennis Koltz, PIME \u2013Macap\u00e1 \u2013AP 73.Pe. Diego Giuseppe Pelizzari \u2013Conselho Indigenista Mission\u00e1rio \u2013CIMI74.Pe.Dirceu Luiz Fumagalli \u2013Arquidiocese de Londrina \u2013PR 75.Diac. Dirceu Pereira da Silva \u2013Diocese de Apucarana \u2013PR.76.Pe. Djavan da Silva Fernandes -Diocese de Limoeiro do Norte \u2013CE77.Pe. Dodji Emeric Lionel Dofonnou, Mccj, Curitiba -Pr78.Pe. Domingos Dias \u2013Diocese de Chapec\u00f3 \u2013SC79.Pe. Domingos Rodrigues \u2013Diocese de Bag\u00e9 \u2013RS80.Frei Donizete Afonso da Silva-franciscano -Rib. das Neves -MG81.Di\u00e1c. Donizeti Aparecido Pugin Souza -Arquidiocese de Maring\u00e1-PR82.Pe. Dulcio Antonio de Ara\u00fajo\u00a0 -Diocese de Joinvile\/SC83.Dom Edson Tasquetto Damian -Bispo de S\u00e3o Gabriel da Cachoeira84.Pe. Edson do Esp\u00edrito Santo Menezes, FC, Fazenda Rio Grande -PR85.Pe. Edilberto Aparecido Brasil de S\u00e1 -Diocese de Afogados da Ingazeira -PE86.Pe. Edivandro Luiz Frare -Diocese de Chapec\u00f3 -SC87.Pe Edegard Silva J\u00fanior, ms \u2013Diocese de Pemba \u2013Mo\u00e7ambique 88.Pe. Ederaldo da Mata Silveira \u2013Arquidiocese de Bel\u00e9m do Par\u00e1 \u2013PA.89.Pe. Edinaldo Duarte Sobrinho \u2013Arquidiocese de Bel\u00e9m do Par\u00e1 \u2013PA. 90.Pe. Ednaldo de Jesus Soares Ferreira \u2013Arquidiocese de Bel\u00e9m do Par\u00e1 \u2013PA.91.Pe. Edvaldo Andrade Amaral \u2013Arquidiocese de Bel\u00e9m do Par\u00e1 \u2013PA.92.Pe. Edson Andr\u00e9 Cunha Thomassim \u2013Diocese Novo Hamburgo \u2013RS 93.Pe. Edson Zamiro da Silva \u2013Diocese de Apucarana \u2013PR94.Pe. Eduardo Milar\u00e9 \u2013Diocese de Limeira \u2013SP. 95.Pe. Emerson Lipinski -Diocese de S\u00e3o Jos\u00e9 dos Pinhais\u2013PR96.Pe.Estev\u00e3o Raschietti \u2013Curitiba -PR97.Pe. Eug\u00eanio Jo\u00e3o Hartmann-Diocese de Santo \u00c2ngelo-RS98.Pe. Evaldo Apolinario -Arquidiocese de BH99.Pe. Evandro Luiz Fonseca Ara\u00fajo \u2013Arquidiocese de Bel\u00e9m do Par\u00e1 \u2013PA.100.Pe. Evandro Rosendo Favacho do Carmo \u2013Arq.de Bel\u00e9m do Par\u00e1 \u2013PA.101.Pe. Ezael Juliatto \u2013Arquidiocese de S\u00e3o Paulo \u2013SP102.Pe F\u00e1bio Luiz Galle -Diocese de Novo Hamburgo \u2013RS103.Pe. F\u00e1bio Luiz Quintal Gama \u2013Arquidiocese de Bel\u00e9m do Par\u00e1 \u2013PA.104.Pe.Fabiano Marchesini \u2013Diocese de S\u00e3o Mateus \u2013ES.105.Pe. Fabr\u00edcio da Silva Albuquerque\u00a0 \u2013Arq.de Bel\u00e9m do Par\u00e1 \u2013PA.106.Pe. Ferdinand Doren -SVD \u2013Diocese de Campo Limpo \u2013SP 107.Pe. Fl\u00e1vio Corr\u00eaa de Lima \u2013Diocese de Novo Hamburgo \u2013RS 108.Pe. Fl\u00e1vio Luiz Gonzaga dos Santos -CSSp \u2013Espiritanos109.Pe. Flavio Luiz Volpatto \u2013Diocese de Palmas\/Francisco Beltr\u00e3o -PR110.Frei Fl\u00e1vio Silva Vieira -franciscano-Rib. das Neves\u2013MG111.Pe. Francisco de Aquino J\u00fanior \u2013Diocese de Limoeiro do Norte \u2013CE 112.Pe. Francisco Crisanto Borges de Ara\u00fajo -Diocese de Mossor\u00f3 \u2013RN113.Pe. Francisco Corn\u00e9lio Freire\u00a0 Rodrigues\u00a0 -Diocese de Mossor\u00f3-RN114.Ag.Past. Francisco Carlos Machado Alves -S\u00e3o F\u00e9lix do Araguaia \u2013MT115.Pe. Francisco das Chagas Souza Nunes \u2013Arq. de Bel\u00e9m do Par\u00e1 \u2013PA.116.Pe. Francisco Gecivam Garcia \u2013Arquidiocese de Maring\u00e1 \u2013PR117.Pe. Francisco Leiva Neves Carvalho -Diocese de Iguatu \u2013CE.118.Pe. Francisco de Assis Santiago de Oliveira -Diocese de Guarabira \u2013PB119.Pe. Francisco Roserl\u00e2ndio de Souza\u2013Diocese de Crato \u2013CE.120.Pe. Gabriel Aparecido Paes \u2013Arquidiocese de Bel\u00e9m do Par\u00e1 \u2013PA.121.Pe. Gelcimar Sousa Santos \u2013Arquidiocese de Bel\u00e9m do Par\u00e1 \u2013PA.122.Pe. Genivaldo Ubinge \u2013Arquidiocese Maring\u00e1 \u2013PR 123.Pe. George Jenner Evangelista Fran\u00e7a \u2013Arq.de Bele do Par\u00e1 \u2013PA.124.Pe. Geraldino Rodrigues de Proen\u00e7a \u2013Diocese de Apucarana \u2013PR125.Frei Gilberto Barcarol, OFM -BA -Diocese de Ruy Barbosa126.Pe. Gilberto Tomasi \u2013Diocese de Ca\u00e7ador \u2013SC 127.Pe. Gilberto dos Santos \u2013Passionista128.Frei Gilberto da Silva, OFM, Roma129.Pe. Gilberto Oliveira Versiani -Arquidiocese de Porto Velho -RO.130.Pe. Glauco de Oliveira Feitosa \u2013Arquidiocese de Bel\u00e9m do Par\u00e1 \u2013PA.131.Pe. GlaudemirSimpl\u00edcio de Lima \u2013Arq.de Bel\u00e9m do Par\u00e1 \u2013PA.132.Pe. Glebson Joan Nunes Rodrigues \u2013Arq.de Bel\u00e9m do Par\u00e1 \u2013PA.133.Pe.Helias de Oliveira -Diocese de Joinvile\/SC134.Pe. H\u00e9lio Fronczak \u2013Arquidiocese deBel\u00e9m do Par\u00e1 \u2013PA.135.Pe. Henrique de Moura Faria Arquidiocese de Belo Horizonte-MG136.Pe. Hermes Antonio Tonini \u2013Diocese de Lages \u2013SC137.Frei Ildo Perondi, OFM -Curitiba \u2013PR138.Pe. Irineu J. Rabuske -Diocese de Santa Cruz do Sul RS139.Pe. Ivaldir Camaroti dos Reis-Arquidiocese de Maring\u00e1-PR140.Pe. Ivanil Pereira da Silva \u2013Diocese de Umuarama \u2013PR141.Pe. Ivo Lisaki -Missionario Saletino \u2013Alemanh\u00e3142.Pe. Jaime Antonio Schmitz -Diocese de S\u00e3o Jos\u00e9 dos Pinhais \u2013PR143.Pe. Jaime de MouraPereiraArquidiocese de Bel\u00e9m do Par\u00e1 \u2013PA.144.Frei James Luiz Girardi, OFM, Diocese de Duque de Caxias, RJ. 145.Pe. Jandir Ant\u00f4nio Haas, MSF. Arquidiocese de Belo Horizonte.146.Pe.Jo\u00e3o Batista Dinamarques -Arquidiocese de S\u00e3o Paulo\u2013SP.147.Pe. Jo\u00e3o Carlos Pacchin -Fidei Donum -Diocese de Osasco \u2013SP148.Frei Jo\u00e3o Carlos Karling ofm. Arquidiocese de Porto Alegre \u2013RS.149.Pe. Jo\u00e3o Caruana \u2013Arquidiocese de Maringa-PR150.Frei Jo\u00e3o Fernandes Reinert, diocese de Duque de Caxias , RJ151.Pe. Jo\u00e3o Filho Gomes Pereira Diocese de Balsas \u2013MA152.Pe Jo\u00e3o Machado Evangelho -Diocese de Nova Friburgo -RJ153.Pe. Jo\u00e3o Maria Stech -Diocese de S\u00e3o Jos\u00e9 dos Pinhais \u2013PR154.Pe. Jos\u00e9 Maria da Silva Ribeiro -Bel\u00e9m do Par\u00e1-PA155.Pe. Jo\u00e3o Paulo Ribeiro Lima -Diocese de Caxias, Maranh\u00e3o. 156.Pe.Joaquim Ivo Alves dos Santos\u2013Diocese do Crato \u2013CE157.Pe. Joaquim Parron -Redentorista.-Curitiba PR158.PeJoel Lopes de Oliveira\u2013Arquidiocese de Bel\u00e9m do Par\u00e1 \u2013PA159.Pe. Jolimar M\u00e1rcio Lemos Silva -Diocese de Santa Cruz do Sul-RS160.Pe. Jorge Boran cssp, CCJ, S\u00e3o Paulo.161.Frei Jorge Geraldo, OFM Conv -Arquidiocese de Salvador -BA162.Diac. Jorge Luiz A. Souza \u2013Arquidiocese de S\u00e3o Paulo \u2013SP163.Pe. Jorge Luiz Gray Gomes da Diocese de Montes Claros-MG164.Pe. Jorge Pereira de Melo \u2013Arquidiocese de Londrina \u2013PR165.Pe Jos\u00e9 A\u00e9cio Cordeiro da Silva -Diocese de\u00a0 Floriano \u2013PI166.Pe. Jos\u00e9 Adilson Pontes, arquidiocese de Belo Horizonte \u2013MG. 167.Pe. Jos\u00e9 Aguiar Nobre, Estigmatino168.Pe. Jos\u00e9 Aparecido Alves Ferreira -diocese de Campo Mour\u00e3o -PR169.Pe Jos\u00e9 Bragheto-Josefino de Murialdo \u2013Londrina170.Pe. Jos\u00e9 Carlos\u00a0 Galv\u00e3o Lemos -Diocese de Guarulhos \u2013SP171.Pe. Jos\u00e9 Carlos da Silva, diocese de Brooklyn, Nova York, EUA172.Pe. Jos\u00e9 Cristiano Bento dos Santos \u2013Arquidiocese de Londrina \u2013PR173.Pe. Jos\u00e9 Domingos Bragheto -Arquidiocese de S\u00e3o Paulo -SP.174.Pe. Frei Jos\u00e9 Ariovaldo da Silva, OFM, Petr\u00f3polis RJ.175.Pe. Jose Augusto Schneider, Diocese de Montenegro -RS176.Pe. Jos\u00e9 Amaro Lopes de Sousa \u2013Diocese de Xing\u00fa-Altamira \u2013PA177.Pe. Jos\u00e9 Ant\u00f4nio Fontes-Arquidiocese de Uberaba \/ MG178.Pe.Jos\u00e9Heinzmann. Arquidiocese Porto Alegre.179.Frei Jos\u00e9 Frey , diocese fe Santo Angelo RS180.Pe Jos\u00e9 Geraldo Magela Vidal \u2013Altamira \u2013PA181.Pe. Jos\u00e9 Gon\u00e7alo Vieira\u2013Arquidiocese de Bel\u00e9m do Par\u00e1 \u2013PA182.Pe. Jos\u00e9 Luiz Alves Fernandes\u2013Arquidiocese de Bel\u00e9m do Par\u00e1 \u2013PA183.Dom Jos\u00e9 M\u00e1rio Stroeher \u2013Bispo Em\u00e9rito do Rio Grande \u2013RS184.Pe. Jos\u00e9 Osterno de Aquino -Arquidiocese de S\u00e3o Paulo -SP185.Pe. Jose Peixoto Alves-diocese de Limoeiro do Norte. CE.186.Pe. Jos\u00e9 Renato -Diocese de Santa Cruz do Sul \u2013RS187.Pe. Jos\u00e9 Roberto Filho, Diocese de Sete Lagoas, MG.188.Pe Jos\u00e9 Roberto Corr\u00eaa -Diocese de Novo Hamburgo-RS189.Pe Jos\u00e9 Roberto Moreira \u2013Diocese de Lages \u2013SC190.Frei Josimar de Oliveira Barros, OFM -Diocese de Caraguatatuba \u2013SP191.Pe. JotaciBrasiliano Concei\u00e7\u00e3o de Oliveira. Arq. de Belo Horizonte.192.Pe. J\u00falio Antonio Rocha -Diocese de Ara\u00e7ua\u00ed -MG193.Frei J\u00falio C\u00e9sar Costa -OFM Conv -Diocese de Cascavel -PR194.Pe. J\u00falio R. Lancellotti \u2013Arquidiocese de S\u00e3o Paulo \u2013SP 195.Pe. Justino Fachini -Diocese de S\u00e3o Jos\u00e9 dos Pinhais -PR.196.Pe. Kurian Melayathu Joseph . Arquidiocese de Campo Grande -MS.197.Frei La\u00e9rcio Duminelli da Luz \u2013OFM Cap, Diocese de Bag\u00e9\/RS198.Frei La\u00e9rcio Jorge de Oliveira -franciscano -Rib. das Neves -MG199.Pe. Laudimiro de Jesus Borges, Estigmatino, Bras\u00edlia, DF200.Frei Laudino Bertoldo \u2013OFMCap Veran\u00f3polis-RS.201.Pe. Leandro Lopes -Diocese de Bag\u00e9202.Pe. Leandro de Mello \u2013Arquidiocese\u00a0 de Passo Fundo \u2013RS203.Pe.L\u00e9dio Milanez, rcj -Arquidiocese de Curitiba204.Pe. Leomar Antonio Montagna\u2013Arquidiocese de Maring\u00e1 \u2013PR205.Pe. Leonardo Lucian Dall Osto -Diocese de Caixas do Sul\/RS206.Pe. Lino Batista de Oliveira \u2013Diocese de Apucarana \u2013PR207.Pe. Lino Mayer \u2013Diocese de Rio Grande \u2013RS208.Pe. Luciano dos Santos -Diocese de Joinville \/ SC209.Pe. Luciano Virgulino Coelho -Diocese de Crato\u2013CE210.Frei Luciano Bernardi, OFM Conv -CPT -Bahia211.Pe. Lucivaldo Corr\u00eaa da Silva \u2013Arquidiocese de Bel\u00e9m do Par\u00e1 \u2013PA.212.Pe. Luis Miguel Modino \u2013Mis. Fidei Donum\u2013Arq.de Manaus \u2013AM213.Pe. Luiz Carlos Palhares \u2013Diocese de Apucarana \u2013PR214.Frei Luiz Carlos Susin -Capuchinhos RS215.Pe. Frei Luis Fernando Tavares OFM -Boa Vista \u2013RR216.Pe. Frei Luiz Favaron, OFM \u2013Diocese de Santo Andr\u00e9 \u2013SP217.Pe. Luiz Jos\u00e9 Weber\u00a0 -Diocese de Nampula -Mo\u00e7ambique218.Pe. Luiz Roberto Sandini \u2013Diocese de Chapec\u00f3 \u2013SC 219.Pe. Maicon Andr\u00e9 Malacarne, Diocese de Erexim\/RS220.Dom Manoel Jo\u00e3o Francisco \u2013Diocese de Corn\u00e9lio Proc\u00f3pio \u2013PR221.Pe. Manoel Jos\u00e9 de Godoy \u2013Arquidiocese de Belo Horizonte \u2013MG222.Pe. Marcelo Barros -monge beneditino -Recife -PE.223.Pe Marcelo Campos -Diocese de Nova Friburgo. RJ224.Pe.\u00a0 Marcelo de Oliveira \u2013Arquidiocese de Campinas \u2013SP 225.Pe Marcelo Roberto Talon de Oliveira -Diocese de Nova Friburgo -RJ226.Pe. Marcelino Modelski \u2013Josefinos de Murialdo \u2013Londrina227.Pe.Marcelino Gon\u00e7alves Ferreira -Arquidiocese de Bel\u00e9m -PA 228.Pe Marco Ant\u00f4nio da Silva Zanco -Diocese de Nova Friburgo. RJ229.Pe. Marcos Alc\u00e2ntara -Diocese de Ilh\u00e9us\u2013BA230.Pe. Marcos Paulo Talon de Oliveira -Arquidiocese do Rio de \u2013R231.Frei Marino Rhoden. Provincial dos Franciscanos RS.232.Pe. Marcos Roberto Almeida dos Santos \u2013Arq.Maring\u00e1 \u2013PR233.Pe. Massimo Valente -Diocese de Padova-It\u00e1lia234.Pe. Mauro Batista Pedrinelli \u2013Arquidiocese de Londrina \u2013PR235.Pe Mauro S\u00e9rgio Souza Nunes \u2013Diocese de Nova Friburgo \u2013RJ236.Pe. Mauro S\u00e9rgio Rodrigues Maciel-Osasco \u2013SP237.Pe. Medoro de Oliveira \u2013Diocese de Valen\u00e7a \u2013RJ238.Frei Miguel Debiasi OFMCap Arquidiocese de Passo Fundo -RS239.Pe. Milton Antonio Bossoni, arquidiocese de Maring\u00e1240.Pe. Monte Alverne Fraga -Dioceses de Limoeiro do Norte \u2013CE241.Pe. Nelito Dornelas diocese de governador Valadares\u2013MG242.Pe. Nelson Lemos, FC, Fazenda Rio Grande -PR243.Pe.Nelson Muchenski \u2013Diocese de Apucarana \u2013PR 244.Pe. Nelton Hemkemeier -Diocese de Toledo -PR. 245.Frei Nestor Marin, OFM Conv -Diocese de Santo Andr\u00e9246.Pe. Obelino Silva de Almeida -Arquidiocese de Maring\u00e1-PR247.Pe. Omar Dos Reis-Diocese de Osasco.248.Pe. Onivaldo Dyna da Silva -Arquidiocese de Bras\u00edlia249.FreiOrestes Serra, ofm -Arquidiocese de Porto Alegre \u2013RS250.Diac. Osvaldo Pires \u2013Diocese de Limeira \u2013SP.251.Pe. Osvaldo Jos\u00e9 dos Santos\u2013Diocese deJacarezinho\u2013PR.252.Pe. Otaviano Bezerra Santana Filho-Triunfo-PE253.Pe. Ozenildo Dias\u2013Arquidiocese de Bel\u00e9m do Par\u00e1 \u2013PA.254.Pe. Paulo Adolfo \u2013CEFEP \u2013Arquidiocese de\u00a0 Pouso Alegre \u2013RS. 255.Pe. Paulo Alves Campos, Arquidiocese de Belo Horizonte-MG256.Pe. Frei Paulo Andr\u00e9 Maia, OFM Porto Alegre \u2013RS257.Pe. Paulo C\u00e9sar Nodari -Diocese de Caxias do Sul \u2013RS258.Pe. Paulo Mayer da Diocese de Santa Cruz do Sul -RS259.Pe. Paulo S\u00e9rgio Bezerra \u2013Diocese de S\u00e3o Miguel Paulista \u2013SP260.Pe. Paulo Joanil da Silva, OMI \u2013Bel\u00e9m \u2013PA 261.Pe. Paulo Wendling,\u00a0 Novo Hamburgo \u2013RS262.Pe. Paulo Roberto Gomes -Diocese de Leopoldina -MG.263.Pe. Pedro Diocresio Francisco \u2013Arquidiocese de Bel\u00e9m do Par\u00e1 \u2013PA.264.Frei Prot\u00e1sio Ferronato -OFMCap Arquidiocese de Passo Fundo RS265.Frei Rafael de Lima, capuchinho -Diocese de Vacaria RS266.Pe. Rafael da Silva Francisco, Arquidiocese de Maring\u00e1267.Pe.Rafael L\u00f3pez Villasenor-Superior Prov.dos Mission. Xaveriano268.Pe. Raimundo Vanthuy Neto \u2013Diocese de Roraima \u2013RR269.Pe. Raimundo Aristide da Silva\u00a0 -C\u00f4nego Regulares Lateranenses270.Pe. Raimundo Gabriel da Silva -Diocese de Castanhal \u2013PA271.Pe. Raimundo Possid\u00f4nioCarrera da Mata -Arquidiocese de Bel\u00e9m -PA272.Pe. Ramiro Mincato \u2013Diocese de Novo Hamburgo \u2013RS273.Pe. Remi Gotardo Casagrande Dioc Caxias do Sul RS274.Pe. Reynaldo Ferreira de Melo \u2013Diocese de Limeira _ SP275.Pe. Ricardo Aguiar de Ara\u00fajo \u2013Diocese de Limeira \u2013SP276.FreiRinaldo Matter Eberle, ofm -Diocese de Bag\u00e9 \u2013RS277.Pe.Roberto Em\u00edlio Cavalli j\u00fanior\u2013Arquidiocese de Bel\u00e9m do Par\u00e1 \u2013PA278.Pe. Rodolfo Rodrigo Benedetti, arquidiocese de Maring\u00e1\u2013Pr.279.Pe. Rodrigo Sch\u00fcler de Souza, Diocese de Os\u00f3rio, RS280.Pe. Romeu Ferreira -Arquidiocese de Bel\u00e9m -PA281.Pe.Ronaldo de Souza Menezes\u2013Arquidiocese de Bel\u00e9m do Par\u00e1 \u2013PA282.Pe. Ronan Belo J\u00fanior -Diocese de Uberaba MG283.Pe. Roque Hammes -Santa Cruz do Sul284.Frei Rubens Nunes da Mota -OFMCap GO285.Pe. Rui Fernando de Oliveira Santos \u2013Diocese de Apucarana \u2013PR286.Pe. Sebasti\u00e3o Antero Nazar\u00e9 \u2013Arquidiocese de Bel\u00e9m do Par\u00e1 \u2013PA.287.PeSebasti\u00e3o Fialho de Freitas\u2013Arquidiocese de Bel\u00e9m do Par\u00e1 \u2013PA288.Pe. Sebasti\u00e3o Rodrigues da Silva \u2013Diocese de Corn\u00e9lio Proc\u00f3pio \u2013PR 289.Pe. Sergio Barbosa do Amaral-Diocese de S\u00e3o Jos\u00e9 dos Pinhais PR290.Pe. S\u00e9rgio Eduardo Mariucci, SJ \u2013Unisinos \u2013S\u00e3o Leopoldo \u2013RS291.Frei S\u00e9rgio Gorgen ofm. -Diocese de Bag\u00e9, RS.292.Pe S\u00e9rgio Silva \u2013Diocese de Novo Hamburgo \u2013RS 293.Pe. Severino Leite Diniz \u2013Diocese de Lins \u2013SP 294.Pe. Severino Pereira Neto,\u00a0 IJMP, Diocese de Marab\u00e1 -PA. 295.Pe.S\u00edlvio Trindade -Arquidiocese de Bel\u00e9m -PA296.Pe. Sisto Magro, PIME \u2013Macap\u00e1 \u2013AP297.Pe.Tacizio Pontel, Scalabriniano\u00a0 -Itacy -Diocese da Campanha298.Pe. Tarcisio Anatolio deAlmeida-Guarulho \u2013SP299.Pe. Thomas James-Diocese de Quixada-CE300.Pe.Valdecir Molinari Scalabriniano -Manaus.301.Frei.\u00a0 Valdevan Corr\u00eaa de Barros -OFM -Diocese de Cascavel \u2013PR302.Pe. Valdemar Scatolin \u2013Diocese de Chapec\u00f3 \u2013SC303.Pe. Valdemir Batista de Sena J\u00fanior \u2013Arq.de Bel\u00e9m do Par\u00e1 \u2013PA.304.Pe. Valdinei de Lima Silva \u2013Arquidiocese de Bel\u00e9m do Par\u00e1 \u2013PA.305.Pe. Valdir Gambin Arquidiocese de Porto Alegre. RS306.Pe.Valmir Cassim da Silva,CSS-Estigmatinos-Diocese de Campinas\/SP307.Pe. Valter Fiorentin -Diocese de Chapec\u00f3-SC308.Pe.Vladian Silva Alves -Arquidiocese de Bel\u00e9m do Par\u00e1 \u2013PA.309.Frei Vandrigo Zacchi -OFMCap -Diocese de Vacaria RS310.Pe. Vileci Bas\u00edlio Vidal \u2013Diocese de Crato \u2013CE311.Pe. Vilmar Gazaniga -CEBs Regional Sul IV \u2013Diocese de Ca\u00e7ador \u2013SC312.Pe. Vilson Groh \u2013Arquidiocese de Florian\u00f3polis \u2013SC313.Pe. Wander Torres -Arquidiocese de Mariana \u2013MG314.Pe. Warlem Ant\u00f4nio Ferreira Dias -Diocese de Sete Lagoas \u2013MG.315.Pe. Wellington Pain -Diocese de Goi\u00e1s316.Frei Wellington Reis, OFM\u2013Roma317.Pe. Wiremberg Jos\u00e9 da Silva \u2013Arquidiocese de Bel\u00e9m do Par\u00e1 \u2013PA.318.Frei Wilson Zanatta, Capuchinho, Diocese de Bag\u00e9 RS319.Pe. Frei Wilmar Villalba Ortiz, OFM \u2013Diocese de Ubatuba \u2013SP320.Pe. Wlademy de Souza Silva -Diocese de Uberl\u00e2ndia -MG321.Pe. XavierCutajar -Diocese de Osasco SP.<\/em><\/p>\n<\/blockquote>\n","protected":false},"excerpt":{"rendered":"<p>Manifesto de apoio a Padre atacado por bolsonaristas j\u00e1 tem  ades\u00e3o de mais de 300 sacerdotes de todo o brasil. Assista a homilia criticada pelos apoiadores do presidente e leia na \u00edntegra o manifesto em apoio ao padre.<\/p>\n","protected":false},"featured_media":3221,"template":"","categorias_noticias":[],"class_list":["post-3220","noticias","type-noticias","status-publish","has-post-thumbnail","hentry"],"acf":[],"yoast_head":"<!-- This site is optimized with the Yoast SEO plugin v27.2 - https:\/\/yoast.com\/product\/yoast-seo-wordpress\/ -->\n<title>Em nota p\u00fablica, mais de 300 padres se solidarizam com Pe Edson Ad\u00e9lio Tagliaferro - Instituto Cultural Padre Josimo<\/title>\n<meta name=\"robots\" content=\"index, follow, max-snippet:-1, max-image-preview:large, max-video-preview:-1\" \/>\n<link rel=\"canonical\" href=\"https:\/\/padrejosimo.com.br\/site\/noticias\/em-nota-publica-mais-de-300-padres-se-solidarizam-com-pe-edson-adelio-tagliaferro\/\" \/>\n<meta property=\"og:locale\" content=\"pt_BR\" \/>\n<meta property=\"og:type\" content=\"article\" \/>\n<meta property=\"og:title\" content=\"Em nota p\u00fablica, mais de 300 padres se solidarizam com Pe Edson Ad\u00e9lio Tagliaferro - Instituto Cultural Padre Josimo\" \/>\n<meta property=\"og:description\" content=\"Manifesto de apoio a Padre atacado por bolsonaristas j\u00e1 tem ades\u00e3o de mais de 300 sacerdotes de todo o brasil. Assista a homilia criticada pelos apoiadores do presidente e leia na \u00edntegra o manifesto em apoio ao padre.\" \/>\n<meta property=\"og:url\" content=\"https:\/\/padrejosimo.com.br\/site\/noticias\/em-nota-publica-mais-de-300-padres-se-solidarizam-com-pe-edson-adelio-tagliaferro\/\" \/>\n<meta property=\"og:site_name\" content=\"Instituto Cultural Padre Josimo\" \/>\n<meta property=\"article:modified_time\" content=\"2020-07-09T13:20:31+00:00\" \/>\n<meta property=\"og:image\" content=\"https:\/\/padrejosimo.com.br\/site\/wp-content\/uploads\/2020\/07\/20200706095358296586u.jpg-Large.jpg\" \/>\n\t<meta property=\"og:image:width\" content=\"1800\" \/>\n\t<meta property=\"og:image:height\" content=\"1080\" \/>\n\t<meta property=\"og:image:type\" content=\"image\/jpeg\" \/>\n<meta name=\"twitter:card\" content=\"summary_large_image\" \/>\n<meta name=\"twitter:label1\" content=\"Est. tempo de leitura\" \/>\n\t<meta name=\"twitter:data1\" content=\"22 minutos\" \/>\n<script type=\"application\/ld+json\" class=\"yoast-schema-graph\">{\"@context\":\"https:\/\/schema.org\",\"@graph\":[{\"@type\":\"WebPage\",\"@id\":\"https:\/\/padrejosimo.com.br\/site\/noticias\/em-nota-publica-mais-de-300-padres-se-solidarizam-com-pe-edson-adelio-tagliaferro\/\",\"url\":\"https:\/\/padrejosimo.com.br\/site\/noticias\/em-nota-publica-mais-de-300-padres-se-solidarizam-com-pe-edson-adelio-tagliaferro\/\",\"name\":\"Em nota p\u00fablica, mais de 300 padres se solidarizam com Pe Edson Ad\u00e9lio Tagliaferro - Instituto Cultural Padre Josimo\",\"isPartOf\":{\"@id\":\"https:\/\/padrejosimo.com.br\/site\/#website\"},\"primaryImageOfPage\":{\"@id\":\"https:\/\/padrejosimo.com.br\/site\/noticias\/em-nota-publica-mais-de-300-padres-se-solidarizam-com-pe-edson-adelio-tagliaferro\/#primaryimage\"},\"image\":{\"@id\":\"https:\/\/padrejosimo.com.br\/site\/noticias\/em-nota-publica-mais-de-300-padres-se-solidarizam-com-pe-edson-adelio-tagliaferro\/#primaryimage\"},\"thumbnailUrl\":\"https:\/\/padrejosimo.com.br\/site\/wp-content\/uploads\/2020\/07\/20200706095358296586u.jpg-Large.jpg\",\"datePublished\":\"2020-07-09T09:10:01+00:00\",\"dateModified\":\"2020-07-09T13:20:31+00:00\",\"breadcrumb\":{\"@id\":\"https:\/\/padrejosimo.com.br\/site\/noticias\/em-nota-publica-mais-de-300-padres-se-solidarizam-com-pe-edson-adelio-tagliaferro\/#breadcrumb\"},\"inLanguage\":\"pt-BR\",\"potentialAction\":[{\"@type\":\"ReadAction\",\"target\":[\"https:\/\/padrejosimo.com.br\/site\/noticias\/em-nota-publica-mais-de-300-padres-se-solidarizam-com-pe-edson-adelio-tagliaferro\/\"]}]},{\"@type\":\"ImageObject\",\"inLanguage\":\"pt-BR\",\"@id\":\"https:\/\/padrejosimo.com.br\/site\/noticias\/em-nota-publica-mais-de-300-padres-se-solidarizam-com-pe-edson-adelio-tagliaferro\/#primaryimage\",\"url\":\"https:\/\/padrejosimo.com.br\/site\/wp-content\/uploads\/2020\/07\/20200706095358296586u.jpg-Large.jpg\",\"contentUrl\":\"https:\/\/padrejosimo.com.br\/site\/wp-content\/uploads\/2020\/07\/20200706095358296586u.jpg-Large.jpg\",\"width\":1800,\"height\":1080},{\"@type\":\"BreadcrumbList\",\"@id\":\"https:\/\/padrejosimo.com.br\/site\/noticias\/em-nota-publica-mais-de-300-padres-se-solidarizam-com-pe-edson-adelio-tagliaferro\/#breadcrumb\",\"itemListElement\":[{\"@type\":\"ListItem\",\"position\":1,\"name\":\"In\u00edcio\",\"item\":\"https:\/\/padrejosimo.com.br\/site\/\"},{\"@type\":\"ListItem\",\"position\":2,\"name\":\"Not\u00edcias\",\"item\":\"https:\/\/padrejosimo.com.br\/site\/noticias\/\"},{\"@type\":\"ListItem\",\"position\":3,\"name\":\"Em nota p\u00fablica, mais de 300 padres se solidarizam com Pe Edson Ad\u00e9lio Tagliaferro\"}]},{\"@type\":\"WebSite\",\"@id\":\"https:\/\/padrejosimo.com.br\/site\/#website\",\"url\":\"https:\/\/padrejosimo.com.br\/site\/\",\"name\":\"Instituto Cultural Padre Josimo\",\"description\":\"Comprometida com a promo\u00e7\u00e3o da justi\u00e7a social, agroecologia e educa\u00e7\u00e3o popular\",\"publisher\":{\"@id\":\"https:\/\/padrejosimo.com.br\/site\/#organization\"},\"alternateName\":\"ICPJ\",\"potentialAction\":[{\"@type\":\"SearchAction\",\"target\":{\"@type\":\"EntryPoint\",\"urlTemplate\":\"https:\/\/padrejosimo.com.br\/site\/?s={search_term_string}\"},\"query-input\":{\"@type\":\"PropertyValueSpecification\",\"valueRequired\":true,\"valueName\":\"search_term_string\"}}],\"inLanguage\":\"pt-BR\"},{\"@type\":\"Organization\",\"@id\":\"https:\/\/padrejosimo.com.br\/site\/#organization\",\"name\":\"Instituto Cultural Padre Josimo\",\"alternateName\":\"ICPJ\",\"url\":\"https:\/\/padrejosimo.com.br\/site\/\",\"logo\":{\"@type\":\"ImageObject\",\"inLanguage\":\"pt-BR\",\"@id\":\"https:\/\/padrejosimo.com.br\/site\/#\/schema\/logo\/image\/\",\"url\":\"https:\/\/padrejosimo.com.br\/site\/wp-content\/uploads\/2025\/09\/cropped-icon-icpj.png\",\"contentUrl\":\"https:\/\/padrejosimo.com.br\/site\/wp-content\/uploads\/2025\/09\/cropped-icon-icpj.png\",\"width\":512,\"height\":512,\"caption\":\"Instituto Cultural Padre Josimo\"},\"image\":{\"@id\":\"https:\/\/padrejosimo.com.br\/site\/#\/schema\/logo\/image\/\"}}]}<\/script>\n<!-- \/ Yoast SEO plugin. -->","yoast_head_json":{"title":"Em nota p\u00fablica, mais de 300 padres se solidarizam com Pe Edson Ad\u00e9lio Tagliaferro - Instituto Cultural Padre Josimo","robots":{"index":"index","follow":"follow","max-snippet":"max-snippet:-1","max-image-preview":"max-image-preview:large","max-video-preview":"max-video-preview:-1"},"canonical":"https:\/\/padrejosimo.com.br\/site\/noticias\/em-nota-publica-mais-de-300-padres-se-solidarizam-com-pe-edson-adelio-tagliaferro\/","og_locale":"pt_BR","og_type":"article","og_title":"Em nota p\u00fablica, mais de 300 padres se solidarizam com Pe Edson Ad\u00e9lio Tagliaferro - Instituto Cultural Padre Josimo","og_description":"Manifesto de apoio a Padre atacado por bolsonaristas j\u00e1 tem ades\u00e3o de mais de 300 sacerdotes de todo o brasil. Assista a homilia criticada pelos apoiadores do presidente e leia na \u00edntegra o manifesto em apoio ao padre.","og_url":"https:\/\/padrejosimo.com.br\/site\/noticias\/em-nota-publica-mais-de-300-padres-se-solidarizam-com-pe-edson-adelio-tagliaferro\/","og_site_name":"Instituto Cultural Padre Josimo","article_modified_time":"2020-07-09T13:20:31+00:00","og_image":[{"width":1800,"height":1080,"url":"https:\/\/padrejosimo.com.br\/site\/wp-content\/uploads\/2020\/07\/20200706095358296586u.jpg-Large.jpg","type":"image\/jpeg"}],"twitter_card":"summary_large_image","twitter_misc":{"Est. tempo de leitura":"22 minutos"},"schema":{"@context":"https:\/\/schema.org","@graph":[{"@type":"WebPage","@id":"https:\/\/padrejosimo.com.br\/site\/noticias\/em-nota-publica-mais-de-300-padres-se-solidarizam-com-pe-edson-adelio-tagliaferro\/","url":"https:\/\/padrejosimo.com.br\/site\/noticias\/em-nota-publica-mais-de-300-padres-se-solidarizam-com-pe-edson-adelio-tagliaferro\/","name":"Em nota p\u00fablica, mais de 300 padres se solidarizam com Pe Edson Ad\u00e9lio Tagliaferro - Instituto Cultural Padre Josimo","isPartOf":{"@id":"https:\/\/padrejosimo.com.br\/site\/#website"},"primaryImageOfPage":{"@id":"https:\/\/padrejosimo.com.br\/site\/noticias\/em-nota-publica-mais-de-300-padres-se-solidarizam-com-pe-edson-adelio-tagliaferro\/#primaryimage"},"image":{"@id":"https:\/\/padrejosimo.com.br\/site\/noticias\/em-nota-publica-mais-de-300-padres-se-solidarizam-com-pe-edson-adelio-tagliaferro\/#primaryimage"},"thumbnailUrl":"https:\/\/padrejosimo.com.br\/site\/wp-content\/uploads\/2020\/07\/20200706095358296586u.jpg-Large.jpg","datePublished":"2020-07-09T09:10:01+00:00","dateModified":"2020-07-09T13:20:31+00:00","breadcrumb":{"@id":"https:\/\/padrejosimo.com.br\/site\/noticias\/em-nota-publica-mais-de-300-padres-se-solidarizam-com-pe-edson-adelio-tagliaferro\/#breadcrumb"},"inLanguage":"pt-BR","potentialAction":[{"@type":"ReadAction","target":["https:\/\/padrejosimo.com.br\/site\/noticias\/em-nota-publica-mais-de-300-padres-se-solidarizam-com-pe-edson-adelio-tagliaferro\/"]}]},{"@type":"ImageObject","inLanguage":"pt-BR","@id":"https:\/\/padrejosimo.com.br\/site\/noticias\/em-nota-publica-mais-de-300-padres-se-solidarizam-com-pe-edson-adelio-tagliaferro\/#primaryimage","url":"https:\/\/padrejosimo.com.br\/site\/wp-content\/uploads\/2020\/07\/20200706095358296586u.jpg-Large.jpg","contentUrl":"https:\/\/padrejosimo.com.br\/site\/wp-content\/uploads\/2020\/07\/20200706095358296586u.jpg-Large.jpg","width":1800,"height":1080},{"@type":"BreadcrumbList","@id":"https:\/\/padrejosimo.com.br\/site\/noticias\/em-nota-publica-mais-de-300-padres-se-solidarizam-com-pe-edson-adelio-tagliaferro\/#breadcrumb","itemListElement":[{"@type":"ListItem","position":1,"name":"In\u00edcio","item":"https:\/\/padrejosimo.com.br\/site\/"},{"@type":"ListItem","position":2,"name":"Not\u00edcias","item":"https:\/\/padrejosimo.com.br\/site\/noticias\/"},{"@type":"ListItem","position":3,"name":"Em nota p\u00fablica, mais de 300 padres se solidarizam com Pe Edson Ad\u00e9lio Tagliaferro"}]},{"@type":"WebSite","@id":"https:\/\/padrejosimo.com.br\/site\/#website","url":"https:\/\/padrejosimo.com.br\/site\/","name":"Instituto Cultural Padre Josimo","description":"Comprometida com a promo\u00e7\u00e3o da justi\u00e7a social, agroecologia e educa\u00e7\u00e3o popular","publisher":{"@id":"https:\/\/padrejosimo.com.br\/site\/#organization"},"alternateName":"ICPJ","potentialAction":[{"@type":"SearchAction","target":{"@type":"EntryPoint","urlTemplate":"https:\/\/padrejosimo.com.br\/site\/?s={search_term_string}"},"query-input":{"@type":"PropertyValueSpecification","valueRequired":true,"valueName":"search_term_string"}}],"inLanguage":"pt-BR"},{"@type":"Organization","@id":"https:\/\/padrejosimo.com.br\/site\/#organization","name":"Instituto Cultural Padre Josimo","alternateName":"ICPJ","url":"https:\/\/padrejosimo.com.br\/site\/","logo":{"@type":"ImageObject","inLanguage":"pt-BR","@id":"https:\/\/padrejosimo.com.br\/site\/#\/schema\/logo\/image\/","url":"https:\/\/padrejosimo.com.br\/site\/wp-content\/uploads\/2025\/09\/cropped-icon-icpj.png","contentUrl":"https:\/\/padrejosimo.com.br\/site\/wp-content\/uploads\/2025\/09\/cropped-icon-icpj.png","width":512,"height":512,"caption":"Instituto Cultural Padre Josimo"},"image":{"@id":"https:\/\/padrejosimo.com.br\/site\/#\/schema\/logo\/image\/"}}]}},"_links":{"self":[{"href":"https:\/\/padrejosimo.com.br\/site\/wp-json\/wp\/v2\/noticias\/3220","targetHints":{"allow":["GET"]}}],"collection":[{"href":"https:\/\/padrejosimo.com.br\/site\/wp-json\/wp\/v2\/noticias"}],"about":[{"href":"https:\/\/padrejosimo.com.br\/site\/wp-json\/wp\/v2\/types\/noticias"}],"wp:featuredmedia":[{"embeddable":true,"href":"https:\/\/padrejosimo.com.br\/site\/wp-json\/wp\/v2\/media\/3221"}],"wp:attachment":[{"href":"https:\/\/padrejosimo.com.br\/site\/wp-json\/wp\/v2\/media?parent=3220"}],"wp:term":[{"taxonomy":"categorias_noticias","embeddable":true,"href":"https:\/\/padrejosimo.com.br\/site\/wp-json\/wp\/v2\/categorias_noticias?post=3220"}],"curies":[{"name":"wp","href":"https:\/\/api.w.org\/{rel}","templated":true}]}}