{"id":322,"date":"2017-07-10T12:18:29","date_gmt":"2017-07-10T15:18:29","guid":{"rendered":"http:\/\/padrejosimo.com.br\/site\/?post_type=noticias&#038;p=322"},"modified":"2017-07-10T12:19:54","modified_gmt":"2017-07-10T15:19:54","slug":"campesinato-mostra-sua-forca-na-feira-de-ecosol-em-santa-maria","status":"publish","type":"noticias","link":"https:\/\/padrejosimo.com.br\/site\/noticias\/campesinato-mostra-sua-forca-na-feira-de-ecosol-em-santa-maria\/","title":{"rendered":"Campesinato mostra sua for\u00e7a na feira de Ecosol em Santa Maria"},"content":{"rendered":"<p><em><strong>Movimento dos Pequenos Agricultores (MPA) est\u00e1 representado em espa\u00e7o no pavilh\u00e3o da reforma agr\u00e1ria da FEICOOP<\/strong><\/em><\/p>\n<p><em>Texto:\u00a0Marcos Corbari \u2013 Jornalista \u2013 MPA<\/em><\/p>\n<p><img fetchpriority=\"high\" decoding=\"async\" class=\"size-full wp-image-323 aligncenter\" src=\"https:\/\/padrejosimo.com.br\/site\/wp-content\/uploads\/2017\/07\/feicoop02.jpg\" alt=\"\" width=\"700\" height=\"394\" srcset=\"https:\/\/padrejosimo.com.br\/site\/wp-content\/uploads\/2017\/07\/feicoop02.jpg 700w, https:\/\/padrejosimo.com.br\/site\/wp-content\/uploads\/2017\/07\/feicoop02-300x169.jpg 300w\" sizes=\"(max-width: 700px) 100vw, 700px\" \/><\/p>\n<p>O mote do evento \u00e9 a economia solid\u00e1ria. As experi\u00eancias expostas s\u00e3o as mais diversas. As representa\u00e7\u00f5es s\u00e3o locais, regionais, nacionais e latino americanas. E no meio desse contexto de m\u00faltiplas culturas, m\u00faltiplos saberes e m\u00faltiplas formas de agir e construir coletivamente, o exemplo do campesinato est\u00e1 em destaque mais uma vez. O Movimento dos Pequenos Agricultores (MPA) est\u00e1 representado em espa\u00e7o lado a lado com companheiros hist\u00f3ricos de luta, como o Movimento dos Trabalhadores Rurais Sem Terra e os grupos de espiritualidade alternativa, compondo o cen\u00e1rio do chamado t\u00fanel da reforma agr\u00e1ria, um pavilh\u00e3o especial na 13\u00aa Feira Latino Americana de Economia Solid\u00e1ria e a 24\u00aa Feira Internacional do Cooperativismo, em Santa Maria (RS), desde sexta, 7, at\u00e9 domingo 9 de julho.<\/p>\n<p>&#8211; A gente fica impressionada com o que encontramos aqui, com a variedade de alimentos produzidos com pureza, respeitando o meio ambiente e provendo a mesa da fam\u00edlia da gente com sabor de primeira grandeza -, destaca a professora Samanta Costa, que veio da regi\u00e3o metropolitana prestigiar o evento de Santa Maria. \u201cN\u00f3s entendemos que ao levar alimentos da agricultura camponesa para nossa casa, n\u00f3s estamos levando conosco uma hist\u00f3ria de resist\u00eancia, uma luta em defesa da vida, onde cultivar da forma correta \u00e9 mais importante que cultivar pelo fim mais lucrativo\u201d, acrescenta. A produ\u00e7\u00e3o de alimento sem a utiliza\u00e7\u00e3o de veneno, sem adi\u00e7\u00e3o de qualquer aditivo qu\u00edmico \u00e9 uma das principais bandeiras de luta do movimento, que prop\u00f5e um reencontro com a natureza e com a m\u00e3e terra rumo a um novo modelo social onde fica claro que a op\u00e7\u00e3o do alimento que se leva para a mesa tamb\u00e9m \u00e9 uma op\u00e7\u00e3o de todo um sistema de produ\u00e7\u00e3o que pode ser amparado no ser (como prop\u00f5em os camponeses) ou que pode ser baseado no ter (como prop\u00f5em as for\u00e7as capitalistas, representadas pelo agroneg\u00f3cio), ou seja, mais que nunca, comer \u00e9 um ato pol\u00edtico.<\/p>\n<p>Al\u00e9m de alimentos origin\u00e1rios da agricultura camponesa e cultivados atrav\u00e9s dos princ\u00edpios da agroecologia, o espa\u00e7o do MPA tamb\u00e9m apresenta uma grande mostra de sementes crioulas preservadas atrav\u00e9s das a\u00e7\u00f5es estratificadas de preserva\u00e7\u00e3o da matriz gen\u00e9tica original, recuperando saberes e cultivares tradicionais, cuja sele\u00e7\u00e3o de qualidade se deu de forma natural ao longo de centenas de anos pelos nossos ancestrais, at\u00e9 chegar a nossos pais e av\u00f3s e, neste momento, nos desafia a preserva\u00e7\u00e3o e continuidade. A reflex\u00e3o parte do guardi\u00e3o de sementes Pedro Kunkel, que dedica sua vida \u00e0 manuten\u00e7\u00e3o da Casa de Sementes M\u00e3e Terra de Panambi. \u201cNossa a\u00e7\u00e3o \u00e9 continua, ininterrupta, porque a semente crioula \u00e9 sagrada, \u00e9 uma simbologia pela falamos de toda a riqueza que comp\u00f5e a base alimentar do campon\u00eas, a manuten\u00e7\u00e3o da vida, do bem estar das fam\u00edlias\u201d, comenta.<\/p>\n<p><img decoding=\"async\" class=\"size-full wp-image-324 aligncenter\" src=\"https:\/\/padrejosimo.com.br\/site\/wp-content\/uploads\/2017\/07\/feicoop01.jpg\" alt=\"\" width=\"700\" height=\"394\" srcset=\"https:\/\/padrejosimo.com.br\/site\/wp-content\/uploads\/2017\/07\/feicoop01.jpg 700w, https:\/\/padrejosimo.com.br\/site\/wp-content\/uploads\/2017\/07\/feicoop01-300x169.jpg 300w\" sizes=\"(max-width: 700px) 100vw, 700px\" \/><\/p>\n<p>No campo da partilha de saberes, outro destaque presente no espa\u00e7o do MPA \u00e9 a representa\u00e7\u00e3o do Instituto Cultural Padre Josimo, atrav\u00e9s dos quais as publica\u00e7\u00f5es do movimento s\u00e3o convertidas ao formato f\u00edsico de livros. E s\u00e3o dezenas de t\u00edtulos comercializados por pre\u00e7o de custo, trazendo tanto os referenciais dos saberes camponeses, quanto os relatos pol\u00edticos que se referem \u00e0s lutas hist\u00f3ricas e as propostas derivadas do plano campon\u00eas que se baseia nas soberanias alimentar, energ\u00e9tica, territorial, h\u00eddrica, gen\u00e9tica e do saber. Em destaque entre as publica\u00e7\u00f5es est\u00e1 o novo livro do Frei Sergio Ant\u00f4nio G\u00f6rgen, \u201cTrincheiras da resist\u00eancia camponesa sob o pacto de poder do agroneg\u00f3cio\u201d, que est\u00e1 dispon\u00edvel para comercializa\u00e7\u00e3o atrav\u00e9s das regionais do MPA e tamb\u00e9m aqui em nosso site, na aba <a href=\"http:\/\/padrejosimo.com.br\/loja\/\" target=\"_blank\" rel=\"noopener\">LOJA<\/a>.<\/p>\n","protected":false},"excerpt":{"rendered":"<p>O MPA esteve representado em espa\u00e7o lado a lado com companheiros hist\u00f3ricos de luta, como o MST e os grupos de espiritualidade alternativa, compondo o cen\u00e1rio do chamado t\u00fanel da reforma agr\u00e1ria, um pavilh\u00e3o especial na 13\u00aa Feira Latino Americana de Economia Solid\u00e1ria e a 24\u00aa Feira Internacional do Cooperativismo, em Santa Maria (RS).<\/p>\n","protected":false},"featured_media":323,"template":"","categorias_noticias":[4,13],"class_list":["post-322","noticias","type-noticias","status-publish","has-post-thumbnail","hentry","categorias_noticias-eventos","categorias_noticias-noticias"],"acf":[],"yoast_head":"<!-- This site is optimized with the Yoast SEO plugin v27.2 - https:\/\/yoast.com\/product\/yoast-seo-wordpress\/ -->\n<title>Campesinato mostra sua for\u00e7a na feira de Ecosol em Santa Maria - Instituto Cultural Padre Josimo<\/title>\n<meta name=\"robots\" content=\"index, follow, max-snippet:-1, max-image-preview:large, max-video-preview:-1\" \/>\n<link rel=\"canonical\" href=\"https:\/\/padrejosimo.com.br\/site\/noticias\/campesinato-mostra-sua-forca-na-feira-de-ecosol-em-santa-maria\/\" \/>\n<meta property=\"og:locale\" content=\"pt_BR\" \/>\n<meta property=\"og:type\" content=\"article\" \/>\n<meta property=\"og:title\" content=\"Campesinato mostra sua for\u00e7a na feira de Ecosol em Santa Maria - Instituto Cultural Padre Josimo\" \/>\n<meta property=\"og:description\" content=\"O MPA esteve representado em espa\u00e7o lado a lado com companheiros hist\u00f3ricos de luta, como o MST e os grupos de espiritualidade alternativa, compondo o cen\u00e1rio do chamado t\u00fanel da reforma agr\u00e1ria, um pavilh\u00e3o especial na 13\u00aa Feira Latino Americana de Economia Solid\u00e1ria e a 24\u00aa Feira Internacional do Cooperativismo, em Santa Maria (RS).\" \/>\n<meta property=\"og:url\" content=\"https:\/\/padrejosimo.com.br\/site\/noticias\/campesinato-mostra-sua-forca-na-feira-de-ecosol-em-santa-maria\/\" \/>\n<meta property=\"og:site_name\" content=\"Instituto Cultural Padre Josimo\" \/>\n<meta property=\"article:modified_time\" content=\"2017-07-10T15:19:54+00:00\" \/>\n<meta property=\"og:image\" content=\"https:\/\/padrejosimo.com.br\/site\/wp-content\/uploads\/2017\/07\/feicoop02.jpg\" \/>\n\t<meta property=\"og:image:width\" content=\"700\" \/>\n\t<meta property=\"og:image:height\" content=\"394\" \/>\n\t<meta property=\"og:image:type\" content=\"image\/jpeg\" \/>\n<meta name=\"twitter:card\" content=\"summary_large_image\" \/>\n<meta name=\"twitter:label1\" content=\"Est. tempo de leitura\" \/>\n\t<meta name=\"twitter:data1\" content=\"3 minutos\" \/>\n<script type=\"application\/ld+json\" class=\"yoast-schema-graph\">{\"@context\":\"https:\/\/schema.org\",\"@graph\":[{\"@type\":\"WebPage\",\"@id\":\"https:\/\/padrejosimo.com.br\/site\/noticias\/campesinato-mostra-sua-forca-na-feira-de-ecosol-em-santa-maria\/\",\"url\":\"https:\/\/padrejosimo.com.br\/site\/noticias\/campesinato-mostra-sua-forca-na-feira-de-ecosol-em-santa-maria\/\",\"name\":\"Campesinato mostra sua for\u00e7a na feira de Ecosol em Santa Maria - Instituto Cultural Padre Josimo\",\"isPartOf\":{\"@id\":\"https:\/\/padrejosimo.com.br\/site\/#website\"},\"primaryImageOfPage\":{\"@id\":\"https:\/\/padrejosimo.com.br\/site\/noticias\/campesinato-mostra-sua-forca-na-feira-de-ecosol-em-santa-maria\/#primaryimage\"},\"image\":{\"@id\":\"https:\/\/padrejosimo.com.br\/site\/noticias\/campesinato-mostra-sua-forca-na-feira-de-ecosol-em-santa-maria\/#primaryimage\"},\"thumbnailUrl\":\"https:\/\/padrejosimo.com.br\/site\/wp-content\/uploads\/2017\/07\/feicoop02.jpg\",\"datePublished\":\"2017-07-10T15:18:29+00:00\",\"dateModified\":\"2017-07-10T15:19:54+00:00\",\"breadcrumb\":{\"@id\":\"https:\/\/padrejosimo.com.br\/site\/noticias\/campesinato-mostra-sua-forca-na-feira-de-ecosol-em-santa-maria\/#breadcrumb\"},\"inLanguage\":\"pt-BR\",\"potentialAction\":[{\"@type\":\"ReadAction\",\"target\":[\"https:\/\/padrejosimo.com.br\/site\/noticias\/campesinato-mostra-sua-forca-na-feira-de-ecosol-em-santa-maria\/\"]}]},{\"@type\":\"ImageObject\",\"inLanguage\":\"pt-BR\",\"@id\":\"https:\/\/padrejosimo.com.br\/site\/noticias\/campesinato-mostra-sua-forca-na-feira-de-ecosol-em-santa-maria\/#primaryimage\",\"url\":\"https:\/\/padrejosimo.com.br\/site\/wp-content\/uploads\/2017\/07\/feicoop02.jpg\",\"contentUrl\":\"https:\/\/padrejosimo.com.br\/site\/wp-content\/uploads\/2017\/07\/feicoop02.jpg\",\"width\":700,\"height\":394},{\"@type\":\"BreadcrumbList\",\"@id\":\"https:\/\/padrejosimo.com.br\/site\/noticias\/campesinato-mostra-sua-forca-na-feira-de-ecosol-em-santa-maria\/#breadcrumb\",\"itemListElement\":[{\"@type\":\"ListItem\",\"position\":1,\"name\":\"In\u00edcio\",\"item\":\"https:\/\/padrejosimo.com.br\/site\/\"},{\"@type\":\"ListItem\",\"position\":2,\"name\":\"Not\u00edcias\",\"item\":\"https:\/\/padrejosimo.com.br\/site\/noticias\/\"},{\"@type\":\"ListItem\",\"position\":3,\"name\":\"Campesinato mostra sua for\u00e7a na feira de Ecosol em Santa Maria\"}]},{\"@type\":\"WebSite\",\"@id\":\"https:\/\/padrejosimo.com.br\/site\/#website\",\"url\":\"https:\/\/padrejosimo.com.br\/site\/\",\"name\":\"Instituto Cultural Padre Josimo\",\"description\":\"Comprometida com a promo\u00e7\u00e3o da justi\u00e7a social, agroecologia e educa\u00e7\u00e3o popular\",\"publisher\":{\"@id\":\"https:\/\/padrejosimo.com.br\/site\/#organization\"},\"alternateName\":\"ICPJ\",\"potentialAction\":[{\"@type\":\"SearchAction\",\"target\":{\"@type\":\"EntryPoint\",\"urlTemplate\":\"https:\/\/padrejosimo.com.br\/site\/?s={search_term_string}\"},\"query-input\":{\"@type\":\"PropertyValueSpecification\",\"valueRequired\":true,\"valueName\":\"search_term_string\"}}],\"inLanguage\":\"pt-BR\"},{\"@type\":\"Organization\",\"@id\":\"https:\/\/padrejosimo.com.br\/site\/#organization\",\"name\":\"Instituto Cultural Padre Josimo\",\"alternateName\":\"ICPJ\",\"url\":\"https:\/\/padrejosimo.com.br\/site\/\",\"logo\":{\"@type\":\"ImageObject\",\"inLanguage\":\"pt-BR\",\"@id\":\"https:\/\/padrejosimo.com.br\/site\/#\/schema\/logo\/image\/\",\"url\":\"https:\/\/padrejosimo.com.br\/site\/wp-content\/uploads\/2025\/09\/cropped-icon-icpj.png\",\"contentUrl\":\"https:\/\/padrejosimo.com.br\/site\/wp-content\/uploads\/2025\/09\/cropped-icon-icpj.png\",\"width\":512,\"height\":512,\"caption\":\"Instituto Cultural Padre Josimo\"},\"image\":{\"@id\":\"https:\/\/padrejosimo.com.br\/site\/#\/schema\/logo\/image\/\"}}]}<\/script>\n<!-- \/ Yoast SEO plugin. -->","yoast_head_json":{"title":"Campesinato mostra sua for\u00e7a na feira de Ecosol em Santa Maria - Instituto Cultural Padre Josimo","robots":{"index":"index","follow":"follow","max-snippet":"max-snippet:-1","max-image-preview":"max-image-preview:large","max-video-preview":"max-video-preview:-1"},"canonical":"https:\/\/padrejosimo.com.br\/site\/noticias\/campesinato-mostra-sua-forca-na-feira-de-ecosol-em-santa-maria\/","og_locale":"pt_BR","og_type":"article","og_title":"Campesinato mostra sua for\u00e7a na feira de Ecosol em Santa Maria - Instituto Cultural Padre Josimo","og_description":"O MPA esteve representado em espa\u00e7o lado a lado com companheiros hist\u00f3ricos de luta, como o MST e os grupos de espiritualidade alternativa, compondo o cen\u00e1rio do chamado t\u00fanel da reforma agr\u00e1ria, um pavilh\u00e3o especial na 13\u00aa Feira Latino Americana de Economia Solid\u00e1ria e a 24\u00aa Feira Internacional do Cooperativismo, em Santa Maria (RS).","og_url":"https:\/\/padrejosimo.com.br\/site\/noticias\/campesinato-mostra-sua-forca-na-feira-de-ecosol-em-santa-maria\/","og_site_name":"Instituto Cultural Padre Josimo","article_modified_time":"2017-07-10T15:19:54+00:00","og_image":[{"width":700,"height":394,"url":"https:\/\/padrejosimo.com.br\/site\/wp-content\/uploads\/2017\/07\/feicoop02.jpg","type":"image\/jpeg"}],"twitter_card":"summary_large_image","twitter_misc":{"Est. tempo de leitura":"3 minutos"},"schema":{"@context":"https:\/\/schema.org","@graph":[{"@type":"WebPage","@id":"https:\/\/padrejosimo.com.br\/site\/noticias\/campesinato-mostra-sua-forca-na-feira-de-ecosol-em-santa-maria\/","url":"https:\/\/padrejosimo.com.br\/site\/noticias\/campesinato-mostra-sua-forca-na-feira-de-ecosol-em-santa-maria\/","name":"Campesinato mostra sua for\u00e7a na feira de Ecosol em Santa Maria - Instituto Cultural Padre Josimo","isPartOf":{"@id":"https:\/\/padrejosimo.com.br\/site\/#website"},"primaryImageOfPage":{"@id":"https:\/\/padrejosimo.com.br\/site\/noticias\/campesinato-mostra-sua-forca-na-feira-de-ecosol-em-santa-maria\/#primaryimage"},"image":{"@id":"https:\/\/padrejosimo.com.br\/site\/noticias\/campesinato-mostra-sua-forca-na-feira-de-ecosol-em-santa-maria\/#primaryimage"},"thumbnailUrl":"https:\/\/padrejosimo.com.br\/site\/wp-content\/uploads\/2017\/07\/feicoop02.jpg","datePublished":"2017-07-10T15:18:29+00:00","dateModified":"2017-07-10T15:19:54+00:00","breadcrumb":{"@id":"https:\/\/padrejosimo.com.br\/site\/noticias\/campesinato-mostra-sua-forca-na-feira-de-ecosol-em-santa-maria\/#breadcrumb"},"inLanguage":"pt-BR","potentialAction":[{"@type":"ReadAction","target":["https:\/\/padrejosimo.com.br\/site\/noticias\/campesinato-mostra-sua-forca-na-feira-de-ecosol-em-santa-maria\/"]}]},{"@type":"ImageObject","inLanguage":"pt-BR","@id":"https:\/\/padrejosimo.com.br\/site\/noticias\/campesinato-mostra-sua-forca-na-feira-de-ecosol-em-santa-maria\/#primaryimage","url":"https:\/\/padrejosimo.com.br\/site\/wp-content\/uploads\/2017\/07\/feicoop02.jpg","contentUrl":"https:\/\/padrejosimo.com.br\/site\/wp-content\/uploads\/2017\/07\/feicoop02.jpg","width":700,"height":394},{"@type":"BreadcrumbList","@id":"https:\/\/padrejosimo.com.br\/site\/noticias\/campesinato-mostra-sua-forca-na-feira-de-ecosol-em-santa-maria\/#breadcrumb","itemListElement":[{"@type":"ListItem","position":1,"name":"In\u00edcio","item":"https:\/\/padrejosimo.com.br\/site\/"},{"@type":"ListItem","position":2,"name":"Not\u00edcias","item":"https:\/\/padrejosimo.com.br\/site\/noticias\/"},{"@type":"ListItem","position":3,"name":"Campesinato mostra sua for\u00e7a na feira de Ecosol em Santa Maria"}]},{"@type":"WebSite","@id":"https:\/\/padrejosimo.com.br\/site\/#website","url":"https:\/\/padrejosimo.com.br\/site\/","name":"Instituto Cultural Padre Josimo","description":"Comprometida com a promo\u00e7\u00e3o da justi\u00e7a social, agroecologia e educa\u00e7\u00e3o popular","publisher":{"@id":"https:\/\/padrejosimo.com.br\/site\/#organization"},"alternateName":"ICPJ","potentialAction":[{"@type":"SearchAction","target":{"@type":"EntryPoint","urlTemplate":"https:\/\/padrejosimo.com.br\/site\/?s={search_term_string}"},"query-input":{"@type":"PropertyValueSpecification","valueRequired":true,"valueName":"search_term_string"}}],"inLanguage":"pt-BR"},{"@type":"Organization","@id":"https:\/\/padrejosimo.com.br\/site\/#organization","name":"Instituto Cultural Padre Josimo","alternateName":"ICPJ","url":"https:\/\/padrejosimo.com.br\/site\/","logo":{"@type":"ImageObject","inLanguage":"pt-BR","@id":"https:\/\/padrejosimo.com.br\/site\/#\/schema\/logo\/image\/","url":"https:\/\/padrejosimo.com.br\/site\/wp-content\/uploads\/2025\/09\/cropped-icon-icpj.png","contentUrl":"https:\/\/padrejosimo.com.br\/site\/wp-content\/uploads\/2025\/09\/cropped-icon-icpj.png","width":512,"height":512,"caption":"Instituto Cultural Padre Josimo"},"image":{"@id":"https:\/\/padrejosimo.com.br\/site\/#\/schema\/logo\/image\/"}}]}},"_links":{"self":[{"href":"https:\/\/padrejosimo.com.br\/site\/wp-json\/wp\/v2\/noticias\/322","targetHints":{"allow":["GET"]}}],"collection":[{"href":"https:\/\/padrejosimo.com.br\/site\/wp-json\/wp\/v2\/noticias"}],"about":[{"href":"https:\/\/padrejosimo.com.br\/site\/wp-json\/wp\/v2\/types\/noticias"}],"wp:featuredmedia":[{"embeddable":true,"href":"https:\/\/padrejosimo.com.br\/site\/wp-json\/wp\/v2\/media\/323"}],"wp:attachment":[{"href":"https:\/\/padrejosimo.com.br\/site\/wp-json\/wp\/v2\/media?parent=322"}],"wp:term":[{"taxonomy":"categorias_noticias","embeddable":true,"href":"https:\/\/padrejosimo.com.br\/site\/wp-json\/wp\/v2\/categorias_noticias?post=322"}],"curies":[{"name":"wp","href":"https:\/\/api.w.org\/{rel}","templated":true}]}}