{"id":320,"date":"2017-07-10T11:56:10","date_gmt":"2017-07-10T14:56:10","guid":{"rendered":"http:\/\/padrejosimo.com.br\/site\/?post_type=noticias&#038;p=320"},"modified":"2017-07-10T11:56:10","modified_gmt":"2017-07-10T14:56:10","slug":"a-feira-de-santa-maria-reafirma-que-um-outro-mundo-e-possivel-mais-que-isso-que-e-necessario","status":"publish","type":"noticias","link":"https:\/\/padrejosimo.com.br\/site\/noticias\/a-feira-de-santa-maria-reafirma-que-um-outro-mundo-e-possivel-mais-que-isso-que-e-necessario\/","title":{"rendered":"A feira de Santa Maria reafirma que um outro mundo \u00e9 poss\u00edvel. Mais que isso, que \u00e9 necess\u00e1rio!"},"content":{"rendered":"<p><em><strong>Conversamos com irm\u00e3 Dill, religiosa e ativista social que \u00e9 respons\u00e1vel pela continuidade da obra de Dom Ivo Lorscheiter no tocante a economia solid\u00e1ria<\/strong><\/em><\/p>\n<p><em>Texto:\u00a0Marcos Corbari \u2013 Jornalista \u2013 MPA<\/em><\/p>\n<p>&nbsp;<\/p>\n<p>Sempre sol\u00edcita e carinhosa com quem a rodeia, Irm\u00e3 Lourdes Dill, coordenadora do Projeto Esperan\u00e7a\/Cooesperan\u00e7a e vice-presidente da C\u00e1ritas Brasileira, atendeu o coletivo de comunica\u00e7\u00e3o do Movimento dos Pequenos Agricultores logo ap\u00f3s os pronunciamentos de abertura da 13\u00aa Feira Latino Americana de Economia Solid\u00e1ria e a 24\u00aa Feira Internacional do Cooperativismo, em Santa Maria (RS). A imagem aparentemente fr\u00e1gil da freira d\u00e1 lugar a uma figura humana repleta de for\u00e7a e legitimidade em seus ideais quando come\u00e7a a falar. Amparada pela frase emblem\u00e1tica do Papa Francisco pronunciada na Bol\u00edvia em 2016, evocando o sentido da igreja em defender ao povo o acesso a terra, trabalho e teto, Dill coloca-se na linha de frente da recupera\u00e7\u00e3o do sentido de ser do ser humano, frente ao ter pregado pelo capital, relembrando muito o que as inst\u00e2ncias mais progressistas da igreja aprenderam e ensinaram atrav\u00e9s das comunidades eclesiais de base (CEBs).<\/p>\n<p>&#8211; Todos que chegam aqui merecem nossa aten\u00e7\u00e3o, nosso carinho e nossa sauda\u00e7\u00e3o. Aqui estamos saudando a toda a economia solid\u00e1ria, a todos aqueles que lutam por um mundo justo e fraterno, que lutam neste nosso tempo por nenhum direito a menos -, afirma no come\u00e7o da conversa, sem receio de demonstrar posicionamento frente aos fatos que colocam em risco direitos trabalhistas e previdenci\u00e1rios no cen\u00e1rio pol\u00edtico brasileiro. Ali\u00e1s, o vi\u00e9s militante fica claro quando a voz dirigente fala mais alto que a voz religiosa. \u201cA economia solid\u00e1ria de fato \u00e9 uma organiza\u00e7\u00e3o e um movimento prof\u00e9tico, que busca um novo modelo para o desenvolvimento solid\u00e1rio, sustent\u00e1vel e territorial para o bem viver, mas um bem viver que tem que ser para todos e n\u00e3o para alguns\u201d.<\/p>\n<p>A ess\u00eancia do projeto de alian\u00e7a camponesa e oper\u00e1ria, proposta pelo MPA, tamb\u00e9m est\u00e1 presente na fala de Irm\u00e3 Dill: \u201cEsse bem viver se viabiliza onde tem organiza\u00e7\u00e3o, onde tem produ\u00e7\u00e3o ecol\u00f3gica, onde tem possibilidade de um consumo solid\u00e1rio, mas onde tem tamb\u00e9m a possibilidade de um com\u00e9rcio justo\u201d, ao que acrescenta com um grande sorriso nos l\u00e1bios, o desejo de viabilizar esse espa\u00e7o de com\u00e9rcio justo tanto para o campo quanto para a cidade, unindo a agricultura camponesa e o trabalhador urbano.<\/p>\n<p>A miss\u00e3o de levar adiante projetos que dialogam com camadas exclu\u00eddas do sistema mantido pelo grande capital \u00e9 desafiadora. Mas a for\u00e7a da causa mant\u00e9m a religiosa firme: \u201cPor isso nossa resist\u00eancia \u00e9 t\u00e3o grande, n\u00f3s tivemos muitas perip\u00e9cias e dificuldades ao longo do caminho, mas nos apegamos ao legado de um homem que \u00e9 profeta, Dom Ivo, que sempre dizia que nunca podemos desanimar, que o desafio \u00e9 persistir e lutar, resistir com for\u00e7a e coragem\u201d, declara, explicando que a feira sempre sobreviveu, \u201cn\u00e3o sem dificuldades, mas com coragem, com profecia, agora j\u00e1 chegando as v\u00e9speras de jubilar seus 25 anos de de exist\u00eancia e de resist\u00eancia\u201d.<\/p>\n<p>&#8211; N\u00f3s somos refer\u00eancia em n\u00edvel mundial n\u00e3o somente pelo projeto Esperan\u00e7a, mas principalmente pelo que representa a economia solid\u00e1ria e pelo que representa a agricultura familiar camponesa -, explica. A presen\u00e7a da igreja e, em especial, a figura do Papa, tamb\u00e9m s\u00e3o referenciadas: \u201cN\u00f3s temos alguns segmentos da igreja, especialmente as CEBs que est\u00e3o conosco nesta luta, mas precisamos destacar o fato de termos junto conosco ningu\u00e9m menos que o Papa Francisco, que nos desafia a lutar por nenhum campon\u00eas sem terra, nenhuma fam\u00edlia sem teto, nenhum trabalhador sem direitos, ao que hoje n\u00f3s nos permitimos acrescentar o chamado do nosso tempo, por nenhum direito a menos\u201d.<\/p>\n<p>Ao se despedir, irm\u00e3 Dill parafraseou um velho dito, relembrando que \u201cse voc\u00ea quer planejar para um ano, plante cereais; se voc\u00ea quer planejar para 30 anos, plante arvores; mas se voc\u00ea quer planejar para para 100 anos, plante ideias e motive a organiza\u00e7\u00e3o do povo\u201d. Segundo ela, essa terceira op\u00e7\u00e3o \u00e9 o objetivo das a\u00e7\u00f5es desenvolvidas pela economia solid\u00e1ria, pela projeto Esperan\u00e7a\/Cooesperan\u00e7a e pela feira de Santa Maria e pelas dezenas de milhares de pessoas que fazem parte de sua constitui\u00e7\u00e3o ou que passam pelos seus corredores.<\/p>\n<p>&nbsp;<\/p>\n","protected":false},"excerpt":{"rendered":"<p>Conversamos com irm\u00e3 Dill, religiosa e ativista social que \u00e9 respons\u00e1vel pela continuidade da obra de Dom Ivo Lorscheiter no tocante a economia solid\u00e1ria.<\/p>\n","protected":false},"featured_media":0,"template":"","categorias_noticias":[4,13],"class_list":["post-320","noticias","type-noticias","status-publish","hentry","categorias_noticias-eventos","categorias_noticias-noticias"],"acf":[],"yoast_head":"<!-- This site is optimized with the Yoast SEO plugin v27.2 - https:\/\/yoast.com\/product\/yoast-seo-wordpress\/ -->\n<title>A feira de Santa Maria reafirma que um outro mundo \u00e9 poss\u00edvel. Mais que isso, que \u00e9 necess\u00e1rio! - Instituto Cultural Padre Josimo<\/title>\n<meta name=\"robots\" content=\"index, follow, max-snippet:-1, max-image-preview:large, max-video-preview:-1\" \/>\n<link rel=\"canonical\" href=\"https:\/\/padrejosimo.com.br\/site\/noticias\/a-feira-de-santa-maria-reafirma-que-um-outro-mundo-e-possivel-mais-que-isso-que-e-necessario\/\" \/>\n<meta property=\"og:locale\" content=\"pt_BR\" \/>\n<meta property=\"og:type\" content=\"article\" \/>\n<meta property=\"og:title\" content=\"A feira de Santa Maria reafirma que um outro mundo \u00e9 poss\u00edvel. Mais que isso, que \u00e9 necess\u00e1rio! - Instituto Cultural Padre Josimo\" \/>\n<meta property=\"og:description\" content=\"Conversamos com irm\u00e3 Dill, religiosa e ativista social que \u00e9 respons\u00e1vel pela continuidade da obra de Dom Ivo Lorscheiter no tocante a economia solid\u00e1ria.\" \/>\n<meta property=\"og:url\" content=\"https:\/\/padrejosimo.com.br\/site\/noticias\/a-feira-de-santa-maria-reafirma-que-um-outro-mundo-e-possivel-mais-que-isso-que-e-necessario\/\" \/>\n<meta property=\"og:site_name\" content=\"Instituto Cultural Padre Josimo\" \/>\n<meta property=\"og:image\" content=\"https:\/\/padrejosimo.com.br\/site\/wp-content\/uploads\/2025\/09\/cropped-icon-icpj.png\" \/>\n\t<meta property=\"og:image:width\" content=\"512\" \/>\n\t<meta property=\"og:image:height\" content=\"512\" \/>\n\t<meta property=\"og:image:type\" content=\"image\/png\" \/>\n<meta name=\"twitter:card\" content=\"summary_large_image\" \/>\n<meta name=\"twitter:label1\" content=\"Est. tempo de leitura\" \/>\n\t<meta name=\"twitter:data1\" content=\"4 minutos\" \/>\n<script type=\"application\/ld+json\" class=\"yoast-schema-graph\">{\"@context\":\"https:\/\/schema.org\",\"@graph\":[{\"@type\":\"WebPage\",\"@id\":\"https:\/\/padrejosimo.com.br\/site\/noticias\/a-feira-de-santa-maria-reafirma-que-um-outro-mundo-e-possivel-mais-que-isso-que-e-necessario\/\",\"url\":\"https:\/\/padrejosimo.com.br\/site\/noticias\/a-feira-de-santa-maria-reafirma-que-um-outro-mundo-e-possivel-mais-que-isso-que-e-necessario\/\",\"name\":\"A feira de Santa Maria reafirma que um outro mundo \u00e9 poss\u00edvel. Mais que isso, que \u00e9 necess\u00e1rio! - Instituto Cultural Padre Josimo\",\"isPartOf\":{\"@id\":\"https:\/\/padrejosimo.com.br\/site\/#website\"},\"datePublished\":\"2017-07-10T14:56:10+00:00\",\"breadcrumb\":{\"@id\":\"https:\/\/padrejosimo.com.br\/site\/noticias\/a-feira-de-santa-maria-reafirma-que-um-outro-mundo-e-possivel-mais-que-isso-que-e-necessario\/#breadcrumb\"},\"inLanguage\":\"pt-BR\",\"potentialAction\":[{\"@type\":\"ReadAction\",\"target\":[\"https:\/\/padrejosimo.com.br\/site\/noticias\/a-feira-de-santa-maria-reafirma-que-um-outro-mundo-e-possivel-mais-que-isso-que-e-necessario\/\"]}]},{\"@type\":\"BreadcrumbList\",\"@id\":\"https:\/\/padrejosimo.com.br\/site\/noticias\/a-feira-de-santa-maria-reafirma-que-um-outro-mundo-e-possivel-mais-que-isso-que-e-necessario\/#breadcrumb\",\"itemListElement\":[{\"@type\":\"ListItem\",\"position\":1,\"name\":\"In\u00edcio\",\"item\":\"https:\/\/padrejosimo.com.br\/site\/\"},{\"@type\":\"ListItem\",\"position\":2,\"name\":\"Not\u00edcias\",\"item\":\"https:\/\/padrejosimo.com.br\/site\/noticias\/\"},{\"@type\":\"ListItem\",\"position\":3,\"name\":\"A feira de Santa Maria reafirma que um outro mundo \u00e9 poss\u00edvel. Mais que isso, que \u00e9 necess\u00e1rio!\"}]},{\"@type\":\"WebSite\",\"@id\":\"https:\/\/padrejosimo.com.br\/site\/#website\",\"url\":\"https:\/\/padrejosimo.com.br\/site\/\",\"name\":\"Instituto Cultural Padre Josimo\",\"description\":\"Comprometida com a promo\u00e7\u00e3o da justi\u00e7a social, agroecologia e educa\u00e7\u00e3o popular\",\"publisher\":{\"@id\":\"https:\/\/padrejosimo.com.br\/site\/#organization\"},\"alternateName\":\"ICPJ\",\"potentialAction\":[{\"@type\":\"SearchAction\",\"target\":{\"@type\":\"EntryPoint\",\"urlTemplate\":\"https:\/\/padrejosimo.com.br\/site\/?s={search_term_string}\"},\"query-input\":{\"@type\":\"PropertyValueSpecification\",\"valueRequired\":true,\"valueName\":\"search_term_string\"}}],\"inLanguage\":\"pt-BR\"},{\"@type\":\"Organization\",\"@id\":\"https:\/\/padrejosimo.com.br\/site\/#organization\",\"name\":\"Instituto Cultural Padre Josimo\",\"alternateName\":\"ICPJ\",\"url\":\"https:\/\/padrejosimo.com.br\/site\/\",\"logo\":{\"@type\":\"ImageObject\",\"inLanguage\":\"pt-BR\",\"@id\":\"https:\/\/padrejosimo.com.br\/site\/#\/schema\/logo\/image\/\",\"url\":\"https:\/\/padrejosimo.com.br\/site\/wp-content\/uploads\/2025\/09\/cropped-icon-icpj.png\",\"contentUrl\":\"https:\/\/padrejosimo.com.br\/site\/wp-content\/uploads\/2025\/09\/cropped-icon-icpj.png\",\"width\":512,\"height\":512,\"caption\":\"Instituto Cultural Padre Josimo\"},\"image\":{\"@id\":\"https:\/\/padrejosimo.com.br\/site\/#\/schema\/logo\/image\/\"}}]}<\/script>\n<!-- \/ Yoast SEO plugin. -->","yoast_head_json":{"title":"A feira de Santa Maria reafirma que um outro mundo \u00e9 poss\u00edvel. Mais que isso, que \u00e9 necess\u00e1rio! - Instituto Cultural Padre Josimo","robots":{"index":"index","follow":"follow","max-snippet":"max-snippet:-1","max-image-preview":"max-image-preview:large","max-video-preview":"max-video-preview:-1"},"canonical":"https:\/\/padrejosimo.com.br\/site\/noticias\/a-feira-de-santa-maria-reafirma-que-um-outro-mundo-e-possivel-mais-que-isso-que-e-necessario\/","og_locale":"pt_BR","og_type":"article","og_title":"A feira de Santa Maria reafirma que um outro mundo \u00e9 poss\u00edvel. Mais que isso, que \u00e9 necess\u00e1rio! - Instituto Cultural Padre Josimo","og_description":"Conversamos com irm\u00e3 Dill, religiosa e ativista social que \u00e9 respons\u00e1vel pela continuidade da obra de Dom Ivo Lorscheiter no tocante a economia solid\u00e1ria.","og_url":"https:\/\/padrejosimo.com.br\/site\/noticias\/a-feira-de-santa-maria-reafirma-que-um-outro-mundo-e-possivel-mais-que-isso-que-e-necessario\/","og_site_name":"Instituto Cultural Padre Josimo","og_image":[{"width":512,"height":512,"url":"https:\/\/padrejosimo.com.br\/site\/wp-content\/uploads\/2025\/09\/cropped-icon-icpj.png","type":"image\/png"}],"twitter_card":"summary_large_image","twitter_misc":{"Est. tempo de leitura":"4 minutos"},"schema":{"@context":"https:\/\/schema.org","@graph":[{"@type":"WebPage","@id":"https:\/\/padrejosimo.com.br\/site\/noticias\/a-feira-de-santa-maria-reafirma-que-um-outro-mundo-e-possivel-mais-que-isso-que-e-necessario\/","url":"https:\/\/padrejosimo.com.br\/site\/noticias\/a-feira-de-santa-maria-reafirma-que-um-outro-mundo-e-possivel-mais-que-isso-que-e-necessario\/","name":"A feira de Santa Maria reafirma que um outro mundo \u00e9 poss\u00edvel. Mais que isso, que \u00e9 necess\u00e1rio! - Instituto Cultural Padre Josimo","isPartOf":{"@id":"https:\/\/padrejosimo.com.br\/site\/#website"},"datePublished":"2017-07-10T14:56:10+00:00","breadcrumb":{"@id":"https:\/\/padrejosimo.com.br\/site\/noticias\/a-feira-de-santa-maria-reafirma-que-um-outro-mundo-e-possivel-mais-que-isso-que-e-necessario\/#breadcrumb"},"inLanguage":"pt-BR","potentialAction":[{"@type":"ReadAction","target":["https:\/\/padrejosimo.com.br\/site\/noticias\/a-feira-de-santa-maria-reafirma-que-um-outro-mundo-e-possivel-mais-que-isso-que-e-necessario\/"]}]},{"@type":"BreadcrumbList","@id":"https:\/\/padrejosimo.com.br\/site\/noticias\/a-feira-de-santa-maria-reafirma-que-um-outro-mundo-e-possivel-mais-que-isso-que-e-necessario\/#breadcrumb","itemListElement":[{"@type":"ListItem","position":1,"name":"In\u00edcio","item":"https:\/\/padrejosimo.com.br\/site\/"},{"@type":"ListItem","position":2,"name":"Not\u00edcias","item":"https:\/\/padrejosimo.com.br\/site\/noticias\/"},{"@type":"ListItem","position":3,"name":"A feira de Santa Maria reafirma que um outro mundo \u00e9 poss\u00edvel. Mais que isso, que \u00e9 necess\u00e1rio!"}]},{"@type":"WebSite","@id":"https:\/\/padrejosimo.com.br\/site\/#website","url":"https:\/\/padrejosimo.com.br\/site\/","name":"Instituto Cultural Padre Josimo","description":"Comprometida com a promo\u00e7\u00e3o da justi\u00e7a social, agroecologia e educa\u00e7\u00e3o popular","publisher":{"@id":"https:\/\/padrejosimo.com.br\/site\/#organization"},"alternateName":"ICPJ","potentialAction":[{"@type":"SearchAction","target":{"@type":"EntryPoint","urlTemplate":"https:\/\/padrejosimo.com.br\/site\/?s={search_term_string}"},"query-input":{"@type":"PropertyValueSpecification","valueRequired":true,"valueName":"search_term_string"}}],"inLanguage":"pt-BR"},{"@type":"Organization","@id":"https:\/\/padrejosimo.com.br\/site\/#organization","name":"Instituto Cultural Padre Josimo","alternateName":"ICPJ","url":"https:\/\/padrejosimo.com.br\/site\/","logo":{"@type":"ImageObject","inLanguage":"pt-BR","@id":"https:\/\/padrejosimo.com.br\/site\/#\/schema\/logo\/image\/","url":"https:\/\/padrejosimo.com.br\/site\/wp-content\/uploads\/2025\/09\/cropped-icon-icpj.png","contentUrl":"https:\/\/padrejosimo.com.br\/site\/wp-content\/uploads\/2025\/09\/cropped-icon-icpj.png","width":512,"height":512,"caption":"Instituto Cultural Padre Josimo"},"image":{"@id":"https:\/\/padrejosimo.com.br\/site\/#\/schema\/logo\/image\/"}}]}},"_links":{"self":[{"href":"https:\/\/padrejosimo.com.br\/site\/wp-json\/wp\/v2\/noticias\/320","targetHints":{"allow":["GET"]}}],"collection":[{"href":"https:\/\/padrejosimo.com.br\/site\/wp-json\/wp\/v2\/noticias"}],"about":[{"href":"https:\/\/padrejosimo.com.br\/site\/wp-json\/wp\/v2\/types\/noticias"}],"wp:attachment":[{"href":"https:\/\/padrejosimo.com.br\/site\/wp-json\/wp\/v2\/media?parent=320"}],"wp:term":[{"taxonomy":"categorias_noticias","embeddable":true,"href":"https:\/\/padrejosimo.com.br\/site\/wp-json\/wp\/v2\/categorias_noticias?post=320"}],"curies":[{"name":"wp","href":"https:\/\/api.w.org\/{rel}","templated":true}]}}