{"id":317,"date":"2017-07-10T11:36:09","date_gmt":"2017-07-10T14:36:09","guid":{"rendered":"http:\/\/padrejosimo.com.br\/site\/?post_type=noticias&#038;p=317"},"modified":"2017-07-10T11:58:09","modified_gmt":"2017-07-10T14:58:09","slug":"frei-sergio-lanca-livro-trincheiras-da-resistencia-camponesa","status":"publish","type":"noticias","link":"https:\/\/padrejosimo.com.br\/site\/noticias\/frei-sergio-lanca-livro-trincheiras-da-resistencia-camponesa\/","title":{"rendered":"Frei Sergio lan\u00e7a livro \u201cTrincheiras da resist\u00eancia camponesa\u201d"},"content":{"rendered":"<p><strong><em>Publica\u00e7\u00e3o re\u00fane textos que relembram \u00faltimos 16 anos de luta dos movimentos sociais do campo no enfrentamento ao capital e as representa\u00e7\u00f5es do agroneg\u00f3cio<\/em><\/strong><\/p>\n<p><em>Texto: Marcos Corbari \u2013 Jornalista \u2013 MPA<\/em><\/p>\n<p>&nbsp;<\/p>\n<figure id=\"attachment_318\" aria-describedby=\"caption-attachment-318\" style=\"width: 700px\" class=\"wp-caption aligncenter\"><img fetchpriority=\"high\" decoding=\"async\" class=\"size-full wp-image-318\" src=\"https:\/\/padrejosimo.com.br\/site\/wp-content\/uploads\/2017\/07\/frei-sergio-livro.jpg\" alt=\"\" width=\"700\" height=\"394\" srcset=\"https:\/\/padrejosimo.com.br\/site\/wp-content\/uploads\/2017\/07\/frei-sergio-livro.jpg 700w, https:\/\/padrejosimo.com.br\/site\/wp-content\/uploads\/2017\/07\/frei-sergio-livro-300x169.jpg 300w\" sizes=\"(max-width: 700px) 100vw, 700px\" \/><figcaption id=\"caption-attachment-318\" class=\"wp-caption-text\">Lan\u00e7amento coletivo de livros aconteceu na FEICOOP 2017 (Foto: Divulga\u00e7\u00e3o\/ICPJ)<\/figcaption><\/figure>\n<p>O autor \u00e9 referencial na hist\u00f3ria dos movimentos sociais do campo, com especial aproxima\u00e7\u00e3o ao Movimento dos Pequenos Agricultores (MPA) e ao MST (Movimento dos Trabalhadores Rurais Sem Terra). Frei Sergio Ant\u00f4nio G\u00f6rgen, para al\u00e9m de uma vida que se divide entre a espiritualidade da vida religiosa e o front de luta social, \u00e9 uma voz respeitada e que atrav\u00e9s de textos opinativos publicados nos mais diversos meios de comunica\u00e7\u00e3o ao longo dos anos, traz uma narrativa em primeira pessoa do tempo hist\u00f3rico que caracteriza a contemporaneidade no Brasil e Am\u00e9rica Latina. \u201cTrincheiras da resist\u00eancia camponesa sob o pacto de poder do agroneg\u00f3cio\u201d foi apresentado pelo autor no lan\u00e7amento coletivo de obras realizado durante a 13\u00aa Feira Latino Americana de Economia Solid\u00e1ria e a 24\u00aa Feira Internacional do Cooperativismo, em Santa Maria (RS).<\/p>\n<p>\n &#8211; Este livro contempla um relato constru\u00eddo no calor dos acontecimentos em que narra e analisa a resist\u00eancia e a persist\u00eancia da agricultura camponesa e do campesinato, como sujeito hist\u00f3rico, na sociedade brasileira do s\u00e9culo XXI\u201d, analisa o autor na apresenta\u00e7\u00e3o do livro. \u201cN\u00e3o h\u00e1 como pensar o futuro da na\u00e7\u00e3o brasileira \u2013 se a queremos justa e igualit\u00e1ria \u2013 sem a participa\u00e7\u00e3o dos camponeses e camponesas, seus movimentos sociais e seus projetos de vida e de sociedade\u201d, complementa. A luta de classes est\u00e1 representada ao longo da obra, caracterizada desde o t\u00edtulo, simbolizada nas trincheiras em que os camponeses, como classe, lutaram e resistiram \u00e0 classe capitalista, representada pelas teias do agroneg\u00f3cio.<\/p>\n<p>Como n\u00e3o poderia deixar de ser, o alimento saud\u00e1vel e a defesa da produ\u00e7\u00e3o livre do veneno e de outros aditivos qu\u00edmicos nocivos \u00e0 vida humana e \u00e0 natureza est\u00e1 em destaque na obra. A agricultura camponesa e a agroecologia est\u00e3o no cerne da forma\u00e7\u00e3o de um novo modelo social, pauta pela qual Frei Sergio n\u00e3o exita em dedicar a vida e dividir a aten\u00e7\u00e3o ao longo de mais de 35 anos de milit\u00e2ncia social. A nova fase do capitalismo na agricultura, implantada no Brasil a partir da virada do s\u00e9culo, est\u00e1 esmiu\u00e7ada na obra, recuperando as mais variadas formas de resist\u00eancia e enfrentamento dos coletivos sociais em defesa dos territ\u00f3rios camponeses e tamb\u00e9m ind\u00edgenas.<\/p>\n<p>O livro recupera textos dos \u00faltimos 16 anos em uma publica\u00e7\u00e3o que facilmente pode ser interpretada como testemunho cr\u00edtico e hist\u00f3rico, onde as bandeiras de luta se mant\u00e9m, mas os objetivos espec\u00edficos foram se transformando. Publicado pela editora do Instituto Cultural Padre Josino, o livro est\u00e1 a venda pelo pre\u00e7o simb\u00f3lico de R$ 30,00 e pode ser solicitado pelos telefones (51) 3281.4820 ou (51) 3228.8107, ou ser adquirido em nossa loja virtual:<\/p>\n<blockquote class=\"wp-embedded-content\" data-secret=\"5VmFNO3aqO\"><p><a href=\"https:\/\/padrejosimo.com.br\/loja\/produto\/trincheiras-da-resistencia-camponesa\/\">Trincheiras da Resist\u00eancia Camponesa<\/a><\/p><\/blockquote>\n<p><iframe class=\"wp-embedded-content\" sandbox=\"allow-scripts\" security=\"restricted\" style=\"position: absolute; visibility: hidden;\" title=\"&#8220;Trincheiras da Resist\u00eancia Camponesa&#8221; &#8212; Loja - Instituto Cultural Padre Josimo\" src=\"https:\/\/padrejosimo.com.br\/loja\/produto\/trincheiras-da-resistencia-camponesa\/embed\/#?secret=LDMYQ0oopz#?secret=5VmFNO3aqO\" data-secret=\"5VmFNO3aqO\" width=\"600\" height=\"338\" frameborder=\"0\" marginwidth=\"0\" marginheight=\"0\" scrolling=\"no\"><\/iframe><\/p>\n","protected":false},"excerpt":{"rendered":"<p>Referencial na hist\u00f3ria dos movimentos sociais do campo, com especial aproxima\u00e7\u00e3o ao Movimento dos Pequenos Agricultores (MPA) e ao MST (Movimento dos Trabalhadores Rurais Sem Terra), autor lan\u00e7a seu livro durante a 13\u00aa Feira Latino Americana de Economia Solid\u00e1ria e a 24\u00aa Feira Internacional do Cooperativismo, em Santa Maria (RS).<\/p>\n","protected":false},"featured_media":318,"template":"","categorias_noticias":[4,13],"class_list":["post-317","noticias","type-noticias","status-publish","has-post-thumbnail","hentry","categorias_noticias-eventos","categorias_noticias-noticias"],"acf":[],"yoast_head":"<!-- This site is optimized with the Yoast SEO plugin v27.2 - https:\/\/yoast.com\/product\/yoast-seo-wordpress\/ -->\n<title>Frei Sergio lan\u00e7a livro \u201cTrincheiras da resist\u00eancia camponesa\u201d - Instituto Cultural Padre Josimo<\/title>\n<meta name=\"robots\" content=\"index, follow, max-snippet:-1, max-image-preview:large, max-video-preview:-1\" \/>\n<link rel=\"canonical\" href=\"https:\/\/padrejosimo.com.br\/site\/noticias\/frei-sergio-lanca-livro-trincheiras-da-resistencia-camponesa\/\" \/>\n<meta property=\"og:locale\" content=\"pt_BR\" \/>\n<meta property=\"og:type\" content=\"article\" \/>\n<meta property=\"og:title\" content=\"Frei Sergio lan\u00e7a livro \u201cTrincheiras da resist\u00eancia camponesa\u201d - Instituto Cultural Padre Josimo\" \/>\n<meta property=\"og:description\" content=\"Referencial na hist\u00f3ria dos movimentos sociais do campo, com especial aproxima\u00e7\u00e3o ao Movimento dos Pequenos Agricultores (MPA) e ao MST (Movimento dos Trabalhadores Rurais Sem Terra), autor lan\u00e7a seu livro durante a 13\u00aa Feira Latino Americana de Economia Solid\u00e1ria e a 24\u00aa Feira Internacional do Cooperativismo, em Santa Maria (RS).\" \/>\n<meta property=\"og:url\" content=\"https:\/\/padrejosimo.com.br\/site\/noticias\/frei-sergio-lanca-livro-trincheiras-da-resistencia-camponesa\/\" \/>\n<meta property=\"og:site_name\" content=\"Instituto Cultural Padre Josimo\" \/>\n<meta property=\"article:modified_time\" content=\"2017-07-10T14:58:09+00:00\" \/>\n<meta property=\"og:image\" content=\"https:\/\/padrejosimo.com.br\/site\/wp-content\/uploads\/2017\/07\/frei-sergio-livro.jpg\" \/>\n\t<meta property=\"og:image:width\" content=\"700\" \/>\n\t<meta property=\"og:image:height\" content=\"394\" \/>\n\t<meta property=\"og:image:type\" content=\"image\/jpeg\" \/>\n<meta name=\"twitter:card\" content=\"summary_large_image\" \/>\n<meta name=\"twitter:label1\" content=\"Est. tempo de leitura\" \/>\n\t<meta name=\"twitter:data1\" content=\"3 minutos\" \/>\n<script type=\"application\/ld+json\" class=\"yoast-schema-graph\">{\"@context\":\"https:\/\/schema.org\",\"@graph\":[{\"@type\":\"WebPage\",\"@id\":\"https:\/\/padrejosimo.com.br\/site\/noticias\/frei-sergio-lanca-livro-trincheiras-da-resistencia-camponesa\/\",\"url\":\"https:\/\/padrejosimo.com.br\/site\/noticias\/frei-sergio-lanca-livro-trincheiras-da-resistencia-camponesa\/\",\"name\":\"Frei Sergio lan\u00e7a livro \u201cTrincheiras da resist\u00eancia camponesa\u201d - Instituto Cultural Padre Josimo\",\"isPartOf\":{\"@id\":\"https:\/\/padrejosimo.com.br\/site\/#website\"},\"primaryImageOfPage\":{\"@id\":\"https:\/\/padrejosimo.com.br\/site\/noticias\/frei-sergio-lanca-livro-trincheiras-da-resistencia-camponesa\/#primaryimage\"},\"image\":{\"@id\":\"https:\/\/padrejosimo.com.br\/site\/noticias\/frei-sergio-lanca-livro-trincheiras-da-resistencia-camponesa\/#primaryimage\"},\"thumbnailUrl\":\"https:\/\/padrejosimo.com.br\/site\/wp-content\/uploads\/2017\/07\/frei-sergio-livro.jpg\",\"datePublished\":\"2017-07-10T14:36:09+00:00\",\"dateModified\":\"2017-07-10T14:58:09+00:00\",\"breadcrumb\":{\"@id\":\"https:\/\/padrejosimo.com.br\/site\/noticias\/frei-sergio-lanca-livro-trincheiras-da-resistencia-camponesa\/#breadcrumb\"},\"inLanguage\":\"pt-BR\",\"potentialAction\":[{\"@type\":\"ReadAction\",\"target\":[\"https:\/\/padrejosimo.com.br\/site\/noticias\/frei-sergio-lanca-livro-trincheiras-da-resistencia-camponesa\/\"]}]},{\"@type\":\"ImageObject\",\"inLanguage\":\"pt-BR\",\"@id\":\"https:\/\/padrejosimo.com.br\/site\/noticias\/frei-sergio-lanca-livro-trincheiras-da-resistencia-camponesa\/#primaryimage\",\"url\":\"https:\/\/padrejosimo.com.br\/site\/wp-content\/uploads\/2017\/07\/frei-sergio-livro.jpg\",\"contentUrl\":\"https:\/\/padrejosimo.com.br\/site\/wp-content\/uploads\/2017\/07\/frei-sergio-livro.jpg\",\"width\":700,\"height\":394,\"caption\":\"Lan\u00e7amento coletivo de livros aconteceu na FEICOOP 2017 (Foto: Divulga\u00e7\u00e3o\/ICPJ)\"},{\"@type\":\"BreadcrumbList\",\"@id\":\"https:\/\/padrejosimo.com.br\/site\/noticias\/frei-sergio-lanca-livro-trincheiras-da-resistencia-camponesa\/#breadcrumb\",\"itemListElement\":[{\"@type\":\"ListItem\",\"position\":1,\"name\":\"In\u00edcio\",\"item\":\"https:\/\/padrejosimo.com.br\/site\/\"},{\"@type\":\"ListItem\",\"position\":2,\"name\":\"Not\u00edcias\",\"item\":\"https:\/\/padrejosimo.com.br\/site\/noticias\/\"},{\"@type\":\"ListItem\",\"position\":3,\"name\":\"Frei Sergio lan\u00e7a livro \u201cTrincheiras da resist\u00eancia camponesa\u201d\"}]},{\"@type\":\"WebSite\",\"@id\":\"https:\/\/padrejosimo.com.br\/site\/#website\",\"url\":\"https:\/\/padrejosimo.com.br\/site\/\",\"name\":\"Instituto Cultural Padre Josimo\",\"description\":\"Comprometida com a promo\u00e7\u00e3o da justi\u00e7a social, agroecologia e educa\u00e7\u00e3o popular\",\"publisher\":{\"@id\":\"https:\/\/padrejosimo.com.br\/site\/#organization\"},\"alternateName\":\"ICPJ\",\"potentialAction\":[{\"@type\":\"SearchAction\",\"target\":{\"@type\":\"EntryPoint\",\"urlTemplate\":\"https:\/\/padrejosimo.com.br\/site\/?s={search_term_string}\"},\"query-input\":{\"@type\":\"PropertyValueSpecification\",\"valueRequired\":true,\"valueName\":\"search_term_string\"}}],\"inLanguage\":\"pt-BR\"},{\"@type\":\"Organization\",\"@id\":\"https:\/\/padrejosimo.com.br\/site\/#organization\",\"name\":\"Instituto Cultural Padre Josimo\",\"alternateName\":\"ICPJ\",\"url\":\"https:\/\/padrejosimo.com.br\/site\/\",\"logo\":{\"@type\":\"ImageObject\",\"inLanguage\":\"pt-BR\",\"@id\":\"https:\/\/padrejosimo.com.br\/site\/#\/schema\/logo\/image\/\",\"url\":\"https:\/\/padrejosimo.com.br\/site\/wp-content\/uploads\/2025\/09\/cropped-icon-icpj.png\",\"contentUrl\":\"https:\/\/padrejosimo.com.br\/site\/wp-content\/uploads\/2025\/09\/cropped-icon-icpj.png\",\"width\":512,\"height\":512,\"caption\":\"Instituto Cultural Padre Josimo\"},\"image\":{\"@id\":\"https:\/\/padrejosimo.com.br\/site\/#\/schema\/logo\/image\/\"}}]}<\/script>\n<!-- \/ Yoast SEO plugin. -->","yoast_head_json":{"title":"Frei Sergio lan\u00e7a livro \u201cTrincheiras da resist\u00eancia camponesa\u201d - Instituto Cultural Padre Josimo","robots":{"index":"index","follow":"follow","max-snippet":"max-snippet:-1","max-image-preview":"max-image-preview:large","max-video-preview":"max-video-preview:-1"},"canonical":"https:\/\/padrejosimo.com.br\/site\/noticias\/frei-sergio-lanca-livro-trincheiras-da-resistencia-camponesa\/","og_locale":"pt_BR","og_type":"article","og_title":"Frei Sergio lan\u00e7a livro \u201cTrincheiras da resist\u00eancia camponesa\u201d - Instituto Cultural Padre Josimo","og_description":"Referencial na hist\u00f3ria dos movimentos sociais do campo, com especial aproxima\u00e7\u00e3o ao Movimento dos Pequenos Agricultores (MPA) e ao MST (Movimento dos Trabalhadores Rurais Sem Terra), autor lan\u00e7a seu livro durante a 13\u00aa Feira Latino Americana de Economia Solid\u00e1ria e a 24\u00aa Feira Internacional do Cooperativismo, em Santa Maria (RS).","og_url":"https:\/\/padrejosimo.com.br\/site\/noticias\/frei-sergio-lanca-livro-trincheiras-da-resistencia-camponesa\/","og_site_name":"Instituto Cultural Padre Josimo","article_modified_time":"2017-07-10T14:58:09+00:00","og_image":[{"width":700,"height":394,"url":"https:\/\/padrejosimo.com.br\/site\/wp-content\/uploads\/2017\/07\/frei-sergio-livro.jpg","type":"image\/jpeg"}],"twitter_card":"summary_large_image","twitter_misc":{"Est. tempo de leitura":"3 minutos"},"schema":{"@context":"https:\/\/schema.org","@graph":[{"@type":"WebPage","@id":"https:\/\/padrejosimo.com.br\/site\/noticias\/frei-sergio-lanca-livro-trincheiras-da-resistencia-camponesa\/","url":"https:\/\/padrejosimo.com.br\/site\/noticias\/frei-sergio-lanca-livro-trincheiras-da-resistencia-camponesa\/","name":"Frei Sergio lan\u00e7a livro \u201cTrincheiras da resist\u00eancia camponesa\u201d - Instituto Cultural Padre Josimo","isPartOf":{"@id":"https:\/\/padrejosimo.com.br\/site\/#website"},"primaryImageOfPage":{"@id":"https:\/\/padrejosimo.com.br\/site\/noticias\/frei-sergio-lanca-livro-trincheiras-da-resistencia-camponesa\/#primaryimage"},"image":{"@id":"https:\/\/padrejosimo.com.br\/site\/noticias\/frei-sergio-lanca-livro-trincheiras-da-resistencia-camponesa\/#primaryimage"},"thumbnailUrl":"https:\/\/padrejosimo.com.br\/site\/wp-content\/uploads\/2017\/07\/frei-sergio-livro.jpg","datePublished":"2017-07-10T14:36:09+00:00","dateModified":"2017-07-10T14:58:09+00:00","breadcrumb":{"@id":"https:\/\/padrejosimo.com.br\/site\/noticias\/frei-sergio-lanca-livro-trincheiras-da-resistencia-camponesa\/#breadcrumb"},"inLanguage":"pt-BR","potentialAction":[{"@type":"ReadAction","target":["https:\/\/padrejosimo.com.br\/site\/noticias\/frei-sergio-lanca-livro-trincheiras-da-resistencia-camponesa\/"]}]},{"@type":"ImageObject","inLanguage":"pt-BR","@id":"https:\/\/padrejosimo.com.br\/site\/noticias\/frei-sergio-lanca-livro-trincheiras-da-resistencia-camponesa\/#primaryimage","url":"https:\/\/padrejosimo.com.br\/site\/wp-content\/uploads\/2017\/07\/frei-sergio-livro.jpg","contentUrl":"https:\/\/padrejosimo.com.br\/site\/wp-content\/uploads\/2017\/07\/frei-sergio-livro.jpg","width":700,"height":394,"caption":"Lan\u00e7amento coletivo de livros aconteceu na FEICOOP 2017 (Foto: Divulga\u00e7\u00e3o\/ICPJ)"},{"@type":"BreadcrumbList","@id":"https:\/\/padrejosimo.com.br\/site\/noticias\/frei-sergio-lanca-livro-trincheiras-da-resistencia-camponesa\/#breadcrumb","itemListElement":[{"@type":"ListItem","position":1,"name":"In\u00edcio","item":"https:\/\/padrejosimo.com.br\/site\/"},{"@type":"ListItem","position":2,"name":"Not\u00edcias","item":"https:\/\/padrejosimo.com.br\/site\/noticias\/"},{"@type":"ListItem","position":3,"name":"Frei Sergio lan\u00e7a livro \u201cTrincheiras da resist\u00eancia camponesa\u201d"}]},{"@type":"WebSite","@id":"https:\/\/padrejosimo.com.br\/site\/#website","url":"https:\/\/padrejosimo.com.br\/site\/","name":"Instituto Cultural Padre Josimo","description":"Comprometida com a promo\u00e7\u00e3o da justi\u00e7a social, agroecologia e educa\u00e7\u00e3o popular","publisher":{"@id":"https:\/\/padrejosimo.com.br\/site\/#organization"},"alternateName":"ICPJ","potentialAction":[{"@type":"SearchAction","target":{"@type":"EntryPoint","urlTemplate":"https:\/\/padrejosimo.com.br\/site\/?s={search_term_string}"},"query-input":{"@type":"PropertyValueSpecification","valueRequired":true,"valueName":"search_term_string"}}],"inLanguage":"pt-BR"},{"@type":"Organization","@id":"https:\/\/padrejosimo.com.br\/site\/#organization","name":"Instituto Cultural Padre Josimo","alternateName":"ICPJ","url":"https:\/\/padrejosimo.com.br\/site\/","logo":{"@type":"ImageObject","inLanguage":"pt-BR","@id":"https:\/\/padrejosimo.com.br\/site\/#\/schema\/logo\/image\/","url":"https:\/\/padrejosimo.com.br\/site\/wp-content\/uploads\/2025\/09\/cropped-icon-icpj.png","contentUrl":"https:\/\/padrejosimo.com.br\/site\/wp-content\/uploads\/2025\/09\/cropped-icon-icpj.png","width":512,"height":512,"caption":"Instituto Cultural Padre Josimo"},"image":{"@id":"https:\/\/padrejosimo.com.br\/site\/#\/schema\/logo\/image\/"}}]}},"_links":{"self":[{"href":"https:\/\/padrejosimo.com.br\/site\/wp-json\/wp\/v2\/noticias\/317","targetHints":{"allow":["GET"]}}],"collection":[{"href":"https:\/\/padrejosimo.com.br\/site\/wp-json\/wp\/v2\/noticias"}],"about":[{"href":"https:\/\/padrejosimo.com.br\/site\/wp-json\/wp\/v2\/types\/noticias"}],"wp:featuredmedia":[{"embeddable":true,"href":"https:\/\/padrejosimo.com.br\/site\/wp-json\/wp\/v2\/media\/318"}],"wp:attachment":[{"href":"https:\/\/padrejosimo.com.br\/site\/wp-json\/wp\/v2\/media?parent=317"}],"wp:term":[{"taxonomy":"categorias_noticias","embeddable":true,"href":"https:\/\/padrejosimo.com.br\/site\/wp-json\/wp\/v2\/categorias_noticias?post=317"}],"curies":[{"name":"wp","href":"https:\/\/api.w.org\/{rel}","templated":true}]}}