{"id":315,"date":"2017-07-09T11:13:54","date_gmt":"2017-07-09T14:13:54","guid":{"rendered":"http:\/\/padrejosimo.com.br\/site\/?post_type=noticias&#038;p=315"},"modified":"2017-07-10T12:00:46","modified_gmt":"2017-07-10T15:00:46","slug":"as-plantas-medicinais-em-destaque-na-obra-de-frei-wilson-zanatta","status":"publish","type":"noticias","link":"https:\/\/padrejosimo.com.br\/site\/noticias\/as-plantas-medicinais-em-destaque-na-obra-de-frei-wilson-zanatta\/","title":{"rendered":"As plantas medicinais em destaque na obra de Frei Wilson Zanatta"},"content":{"rendered":"<p><em><strong>Compartilhar os saberes tradicionais e recuperar a rela\u00e7\u00e3o de respeito entre o ser humano e a natureza s\u00e3o objetivos das obras do capuchinho<\/strong><\/em><\/p>\n<p><em>Texto:\u00a0Marcos Corbari \u2013 Jornalista \u2013 MPA<\/em><\/p>\n<p>&nbsp;<\/p>\n<figure id=\"attachment_313\" aria-describedby=\"caption-attachment-313\" style=\"width: 700px\" class=\"wp-caption aligncenter\"><img fetchpriority=\"high\" decoding=\"async\" class=\"size-full wp-image-313\" src=\"https:\/\/padrejosimo.com.br\/site\/wp-content\/uploads\/2017\/07\/frei-zanatta-livro.jpg\" alt=\"\" width=\"700\" height=\"394\" srcset=\"https:\/\/padrejosimo.com.br\/site\/wp-content\/uploads\/2017\/07\/frei-zanatta-livro.jpg 700w, https:\/\/padrejosimo.com.br\/site\/wp-content\/uploads\/2017\/07\/frei-zanatta-livro-300x169.jpg 300w\" sizes=\"(max-width: 700px) 100vw, 700px\" \/><figcaption id=\"caption-attachment-313\" class=\"wp-caption-text\">Lan\u00e7amento aconteceu em Santa Maria (RS), durante a FEICOOP (Foto: Divulga\u00e7\u00e3o\/ICPJ)<\/figcaption><\/figure>\n<p>Autor do j\u00e1 consagrado \u201cErvas Medicinais: Rem\u00e9dios e Receitas Caseiras da Sabedoria Camponesa\u201d, onde compila, organiza e sistematiza informa\u00e7\u00f5es sobre plantas que ao longo da historia foram utilizadas no tratamento e cura de in\u00fameras doen\u00e7as, Frei Wilson Zanatta segue dedicando-se a recuperar e ampliar os saberes tradicionais no que diz respeito \u00e0 rela\u00e7\u00e3o entre a natureza e a sa\u00fade do corpo e esp\u00edrito do ser humano. Durante a 13\u00aa Feira Latino Americana de Economia Solid\u00e1ria e a 24\u00aa Feira Internacional do Cooperativismo, em Santa Maria (RS), o capuchinho est\u00e1 apresentando a segunda obra em que trata do tema, \u201cTenha uma farm\u00e1cia em casa: vinte plantas medicinais para come\u00e7ar uma farm\u00e1cia viva\u201d, onde detalha com maior aten\u00e7\u00e3o uma lista referencial pela qual sugere o in\u00edcio da atividade.<\/p>\n<p>&#8211; Cada fam\u00edlia pode ter uma farm\u00e1cia em casa, ou num grupo de fam\u00edlia, ou numa comunidade -, explica Zanatta, destacando que um horto medicinal perto de casa representa para cada pessoa a sua pr\u00f3pria farm\u00e1cia viva, caseira ou comunit\u00e1ria. \u201cA m\u00e3e natureza nos oferece o que precisamos para ter sa\u00fade e qualidade de vida\u201d, completa. O livro, lan\u00e7ado no in\u00edcio do ano, est\u00e1 em destaque na banca de produtos do campesinato montada pelo Movimentos dos Pequenos Agricultores na 13\u00aa Feira Latino Americana de Economia Solid\u00e1ria e 24\u00aa Feira Internacional do Cooperativismo, em Santa Maria (RS), mas tamb\u00e9m pode ser adquirido diretamente pela editora do Instituto Cultural Padre Josimo, pelos telefones (51) 3281.4820 ou (51) 3228.8107, ou em nossa loja virtual (link no fim do texto).<\/p>\n<p>&#8211; \u00c9 um desafio romper a depend\u00eancia que foi criada na popula\u00e7\u00e3o com a ind\u00fastria qu\u00edmica e com o poder das multinacionais dos venenos e dos rem\u00e9dios e suas m\u00e1quinas de propaganda -, reflete Zanatta na apresenta\u00e7\u00e3o do livro, criticando a busca pelo lucro sem medida, que leva a ind\u00fastria a n\u00e3o se preocupar de fato com a sa\u00fade do povo. \u201cGanham dinheiro com a doen\u00e7a, por isso promovem a doen\u00e7a com os venenos na produ\u00e7\u00e3o de alimentos e criam as ilus\u00f5es de cura com os rem\u00e9dios qu\u00edmicos que viciam e aliviam, mas n\u00e3o apenas n\u00e3o curam como criam novas enfermidades\u201d, acrescenta.<\/p>\n<p>Caminhando na contram\u00e3o dessa l\u00f3gica nociva e destrutiva, Zanatta convida cada leitor a participar desse movimento de reencontro com as ra\u00edzes do ser humano junto a natureza, recuperando os saberes tradicionais desenvolvidos pelos camponeses e sua rela\u00e7\u00e3o de simbiose com a terra, chama a cada interessado no assunto para aprender mais e fazer mais, por si, pelos seus e pela coletividade.<\/p>\n<p>Neste livro s\u00e3o apresentadas detalhadamente ervas como alecrim, alho, anacau\u00edta, babosa, boldo, casca de nozes, cidreira, cavalinha, couve, espinheira santa, figo da \u00edndia, guabiroba, guaco, gua\u00e7atonga, lim\u00e3o, linha\u00e7a, pata de vaca, penicilina, salsa e tansagem. Tamb\u00e9m oferece orienta\u00e7\u00f5es b\u00e1sicas para a constru\u00e7\u00e3o de um horto medicinal aos interessados, informa\u00e7\u00f5es para a prepara\u00e7\u00e3o de ch\u00e1s e medicamentos de plantas medicinais e indica outras publica\u00e7\u00f5es referenciais para quem deseja aprofundar seus conhecimentos sobre o assunto.<\/p>\n<blockquote class=\"wp-embedded-content\" data-secret=\"Hym2LQrliw\"><p><a href=\"https:\/\/padrejosimo.com.br\/loja\/produto\/tenha-uma-farmacia-em-sua-casa\/\">Tenha uma Farm\u00e1cia em sua casa<\/a><\/p><\/blockquote>\n<p><iframe class=\"wp-embedded-content\" sandbox=\"allow-scripts\" security=\"restricted\" style=\"position: absolute; visibility: hidden;\" title=\"&#8220;Tenha uma Farm\u00e1cia em sua casa&#8221; &#8212; Loja - Instituto Cultural Padre Josimo\" src=\"https:\/\/padrejosimo.com.br\/loja\/produto\/tenha-uma-farmacia-em-sua-casa\/embed\/#?secret=FdIV2URfyz#?secret=Hym2LQrliw\" data-secret=\"Hym2LQrliw\" width=\"600\" height=\"338\" frameborder=\"0\" marginwidth=\"0\" marginheight=\"0\" scrolling=\"no\"><\/iframe><\/p>\n","protected":false},"excerpt":{"rendered":"<p>Autor do j\u00e1 consagrado \u201cErvas Medicinais: Rem\u00e9dios e Receitas Caseiras da Sabedoria Camponesa\u201d, Frei Wilson Zanatta segue dedicando-se a recuperar e ampliar os saberes tradicionais referentes \u00e0s plantas medicinais. Durante a FEICOOP realizada em Santa Maria (RS), o capuchinho apresentou seu novo livro, \u201cTenha uma farm\u00e1cia em casa: vinte plantas medicinais para come\u00e7ar uma farm\u00e1cia viva\u201d.<\/p>\n","protected":false},"featured_media":313,"template":"","categorias_noticias":[4,13],"class_list":["post-315","noticias","type-noticias","status-publish","has-post-thumbnail","hentry","categorias_noticias-eventos","categorias_noticias-noticias"],"acf":[],"yoast_head":"<!-- This site is optimized with the Yoast SEO plugin v27.2 - https:\/\/yoast.com\/product\/yoast-seo-wordpress\/ -->\n<title>As plantas medicinais em destaque na obra de Frei Wilson Zanatta - Instituto Cultural Padre Josimo<\/title>\n<meta name=\"robots\" content=\"index, follow, max-snippet:-1, max-image-preview:large, max-video-preview:-1\" \/>\n<link rel=\"canonical\" href=\"https:\/\/padrejosimo.com.br\/site\/noticias\/as-plantas-medicinais-em-destaque-na-obra-de-frei-wilson-zanatta\/\" \/>\n<meta property=\"og:locale\" content=\"pt_BR\" \/>\n<meta property=\"og:type\" content=\"article\" \/>\n<meta property=\"og:title\" content=\"As plantas medicinais em destaque na obra de Frei Wilson Zanatta - Instituto Cultural Padre Josimo\" \/>\n<meta property=\"og:description\" content=\"Autor do j\u00e1 consagrado \u201cErvas Medicinais: Rem\u00e9dios e Receitas Caseiras da Sabedoria Camponesa\u201d, Frei Wilson Zanatta segue dedicando-se a recuperar e ampliar os saberes tradicionais referentes \u00e0s plantas medicinais. Durante a FEICOOP realizada em Santa Maria (RS), o capuchinho apresentou seu novo livro, \u201cTenha uma farm\u00e1cia em casa: vinte plantas medicinais para come\u00e7ar uma farm\u00e1cia viva\u201d.\" \/>\n<meta property=\"og:url\" content=\"https:\/\/padrejosimo.com.br\/site\/noticias\/as-plantas-medicinais-em-destaque-na-obra-de-frei-wilson-zanatta\/\" \/>\n<meta property=\"og:site_name\" content=\"Instituto Cultural Padre Josimo\" \/>\n<meta property=\"article:modified_time\" content=\"2017-07-10T15:00:46+00:00\" \/>\n<meta property=\"og:image\" content=\"https:\/\/padrejosimo.com.br\/site\/wp-content\/uploads\/2017\/07\/frei-zanatta-livro.jpg\" \/>\n\t<meta property=\"og:image:width\" content=\"700\" \/>\n\t<meta property=\"og:image:height\" content=\"394\" \/>\n\t<meta property=\"og:image:type\" content=\"image\/jpeg\" \/>\n<meta name=\"twitter:card\" content=\"summary_large_image\" \/>\n<meta name=\"twitter:label1\" content=\"Est. tempo de leitura\" \/>\n\t<meta name=\"twitter:data1\" content=\"3 minutos\" \/>\n<script type=\"application\/ld+json\" class=\"yoast-schema-graph\">{\"@context\":\"https:\/\/schema.org\",\"@graph\":[{\"@type\":\"WebPage\",\"@id\":\"https:\/\/padrejosimo.com.br\/site\/noticias\/as-plantas-medicinais-em-destaque-na-obra-de-frei-wilson-zanatta\/\",\"url\":\"https:\/\/padrejosimo.com.br\/site\/noticias\/as-plantas-medicinais-em-destaque-na-obra-de-frei-wilson-zanatta\/\",\"name\":\"As plantas medicinais em destaque na obra de Frei Wilson Zanatta - Instituto Cultural Padre Josimo\",\"isPartOf\":{\"@id\":\"https:\/\/padrejosimo.com.br\/site\/#website\"},\"primaryImageOfPage\":{\"@id\":\"https:\/\/padrejosimo.com.br\/site\/noticias\/as-plantas-medicinais-em-destaque-na-obra-de-frei-wilson-zanatta\/#primaryimage\"},\"image\":{\"@id\":\"https:\/\/padrejosimo.com.br\/site\/noticias\/as-plantas-medicinais-em-destaque-na-obra-de-frei-wilson-zanatta\/#primaryimage\"},\"thumbnailUrl\":\"https:\/\/padrejosimo.com.br\/site\/wp-content\/uploads\/2017\/07\/frei-zanatta-livro.jpg\",\"datePublished\":\"2017-07-09T14:13:54+00:00\",\"dateModified\":\"2017-07-10T15:00:46+00:00\",\"breadcrumb\":{\"@id\":\"https:\/\/padrejosimo.com.br\/site\/noticias\/as-plantas-medicinais-em-destaque-na-obra-de-frei-wilson-zanatta\/#breadcrumb\"},\"inLanguage\":\"pt-BR\",\"potentialAction\":[{\"@type\":\"ReadAction\",\"target\":[\"https:\/\/padrejosimo.com.br\/site\/noticias\/as-plantas-medicinais-em-destaque-na-obra-de-frei-wilson-zanatta\/\"]}]},{\"@type\":\"ImageObject\",\"inLanguage\":\"pt-BR\",\"@id\":\"https:\/\/padrejosimo.com.br\/site\/noticias\/as-plantas-medicinais-em-destaque-na-obra-de-frei-wilson-zanatta\/#primaryimage\",\"url\":\"https:\/\/padrejosimo.com.br\/site\/wp-content\/uploads\/2017\/07\/frei-zanatta-livro.jpg\",\"contentUrl\":\"https:\/\/padrejosimo.com.br\/site\/wp-content\/uploads\/2017\/07\/frei-zanatta-livro.jpg\",\"width\":700,\"height\":394,\"caption\":\"Lan\u00e7amento aconteceu em Santa Maria (RS), durante a 24\u00aa FEICOOP (Foto: Divulga\u00e7\u00e3o\/ICPJ)\"},{\"@type\":\"BreadcrumbList\",\"@id\":\"https:\/\/padrejosimo.com.br\/site\/noticias\/as-plantas-medicinais-em-destaque-na-obra-de-frei-wilson-zanatta\/#breadcrumb\",\"itemListElement\":[{\"@type\":\"ListItem\",\"position\":1,\"name\":\"In\u00edcio\",\"item\":\"https:\/\/padrejosimo.com.br\/site\/\"},{\"@type\":\"ListItem\",\"position\":2,\"name\":\"Not\u00edcias\",\"item\":\"https:\/\/padrejosimo.com.br\/site\/noticias\/\"},{\"@type\":\"ListItem\",\"position\":3,\"name\":\"As plantas medicinais em destaque na obra de Frei Wilson Zanatta\"}]},{\"@type\":\"WebSite\",\"@id\":\"https:\/\/padrejosimo.com.br\/site\/#website\",\"url\":\"https:\/\/padrejosimo.com.br\/site\/\",\"name\":\"Instituto Cultural Padre Josimo\",\"description\":\"Comprometida com a promo\u00e7\u00e3o da justi\u00e7a social, agroecologia e educa\u00e7\u00e3o popular\",\"publisher\":{\"@id\":\"https:\/\/padrejosimo.com.br\/site\/#organization\"},\"alternateName\":\"ICPJ\",\"potentialAction\":[{\"@type\":\"SearchAction\",\"target\":{\"@type\":\"EntryPoint\",\"urlTemplate\":\"https:\/\/padrejosimo.com.br\/site\/?s={search_term_string}\"},\"query-input\":{\"@type\":\"PropertyValueSpecification\",\"valueRequired\":true,\"valueName\":\"search_term_string\"}}],\"inLanguage\":\"pt-BR\"},{\"@type\":\"Organization\",\"@id\":\"https:\/\/padrejosimo.com.br\/site\/#organization\",\"name\":\"Instituto Cultural Padre Josimo\",\"alternateName\":\"ICPJ\",\"url\":\"https:\/\/padrejosimo.com.br\/site\/\",\"logo\":{\"@type\":\"ImageObject\",\"inLanguage\":\"pt-BR\",\"@id\":\"https:\/\/padrejosimo.com.br\/site\/#\/schema\/logo\/image\/\",\"url\":\"https:\/\/padrejosimo.com.br\/site\/wp-content\/uploads\/2025\/09\/cropped-icon-icpj.png\",\"contentUrl\":\"https:\/\/padrejosimo.com.br\/site\/wp-content\/uploads\/2025\/09\/cropped-icon-icpj.png\",\"width\":512,\"height\":512,\"caption\":\"Instituto Cultural Padre Josimo\"},\"image\":{\"@id\":\"https:\/\/padrejosimo.com.br\/site\/#\/schema\/logo\/image\/\"}}]}<\/script>\n<!-- \/ Yoast SEO plugin. -->","yoast_head_json":{"title":"As plantas medicinais em destaque na obra de Frei Wilson Zanatta - Instituto Cultural Padre Josimo","robots":{"index":"index","follow":"follow","max-snippet":"max-snippet:-1","max-image-preview":"max-image-preview:large","max-video-preview":"max-video-preview:-1"},"canonical":"https:\/\/padrejosimo.com.br\/site\/noticias\/as-plantas-medicinais-em-destaque-na-obra-de-frei-wilson-zanatta\/","og_locale":"pt_BR","og_type":"article","og_title":"As plantas medicinais em destaque na obra de Frei Wilson Zanatta - Instituto Cultural Padre Josimo","og_description":"Autor do j\u00e1 consagrado \u201cErvas Medicinais: Rem\u00e9dios e Receitas Caseiras da Sabedoria Camponesa\u201d, Frei Wilson Zanatta segue dedicando-se a recuperar e ampliar os saberes tradicionais referentes \u00e0s plantas medicinais. Durante a FEICOOP realizada em Santa Maria (RS), o capuchinho apresentou seu novo livro, \u201cTenha uma farm\u00e1cia em casa: vinte plantas medicinais para come\u00e7ar uma farm\u00e1cia viva\u201d.","og_url":"https:\/\/padrejosimo.com.br\/site\/noticias\/as-plantas-medicinais-em-destaque-na-obra-de-frei-wilson-zanatta\/","og_site_name":"Instituto Cultural Padre Josimo","article_modified_time":"2017-07-10T15:00:46+00:00","og_image":[{"width":700,"height":394,"url":"https:\/\/padrejosimo.com.br\/site\/wp-content\/uploads\/2017\/07\/frei-zanatta-livro.jpg","type":"image\/jpeg"}],"twitter_card":"summary_large_image","twitter_misc":{"Est. tempo de leitura":"3 minutos"},"schema":{"@context":"https:\/\/schema.org","@graph":[{"@type":"WebPage","@id":"https:\/\/padrejosimo.com.br\/site\/noticias\/as-plantas-medicinais-em-destaque-na-obra-de-frei-wilson-zanatta\/","url":"https:\/\/padrejosimo.com.br\/site\/noticias\/as-plantas-medicinais-em-destaque-na-obra-de-frei-wilson-zanatta\/","name":"As plantas medicinais em destaque na obra de Frei Wilson Zanatta - Instituto Cultural Padre Josimo","isPartOf":{"@id":"https:\/\/padrejosimo.com.br\/site\/#website"},"primaryImageOfPage":{"@id":"https:\/\/padrejosimo.com.br\/site\/noticias\/as-plantas-medicinais-em-destaque-na-obra-de-frei-wilson-zanatta\/#primaryimage"},"image":{"@id":"https:\/\/padrejosimo.com.br\/site\/noticias\/as-plantas-medicinais-em-destaque-na-obra-de-frei-wilson-zanatta\/#primaryimage"},"thumbnailUrl":"https:\/\/padrejosimo.com.br\/site\/wp-content\/uploads\/2017\/07\/frei-zanatta-livro.jpg","datePublished":"2017-07-09T14:13:54+00:00","dateModified":"2017-07-10T15:00:46+00:00","breadcrumb":{"@id":"https:\/\/padrejosimo.com.br\/site\/noticias\/as-plantas-medicinais-em-destaque-na-obra-de-frei-wilson-zanatta\/#breadcrumb"},"inLanguage":"pt-BR","potentialAction":[{"@type":"ReadAction","target":["https:\/\/padrejosimo.com.br\/site\/noticias\/as-plantas-medicinais-em-destaque-na-obra-de-frei-wilson-zanatta\/"]}]},{"@type":"ImageObject","inLanguage":"pt-BR","@id":"https:\/\/padrejosimo.com.br\/site\/noticias\/as-plantas-medicinais-em-destaque-na-obra-de-frei-wilson-zanatta\/#primaryimage","url":"https:\/\/padrejosimo.com.br\/site\/wp-content\/uploads\/2017\/07\/frei-zanatta-livro.jpg","contentUrl":"https:\/\/padrejosimo.com.br\/site\/wp-content\/uploads\/2017\/07\/frei-zanatta-livro.jpg","width":700,"height":394,"caption":"Lan\u00e7amento aconteceu em Santa Maria (RS), durante a 24\u00aa FEICOOP (Foto: Divulga\u00e7\u00e3o\/ICPJ)"},{"@type":"BreadcrumbList","@id":"https:\/\/padrejosimo.com.br\/site\/noticias\/as-plantas-medicinais-em-destaque-na-obra-de-frei-wilson-zanatta\/#breadcrumb","itemListElement":[{"@type":"ListItem","position":1,"name":"In\u00edcio","item":"https:\/\/padrejosimo.com.br\/site\/"},{"@type":"ListItem","position":2,"name":"Not\u00edcias","item":"https:\/\/padrejosimo.com.br\/site\/noticias\/"},{"@type":"ListItem","position":3,"name":"As plantas medicinais em destaque na obra de Frei Wilson Zanatta"}]},{"@type":"WebSite","@id":"https:\/\/padrejosimo.com.br\/site\/#website","url":"https:\/\/padrejosimo.com.br\/site\/","name":"Instituto Cultural Padre Josimo","description":"Comprometida com a promo\u00e7\u00e3o da justi\u00e7a social, agroecologia e educa\u00e7\u00e3o popular","publisher":{"@id":"https:\/\/padrejosimo.com.br\/site\/#organization"},"alternateName":"ICPJ","potentialAction":[{"@type":"SearchAction","target":{"@type":"EntryPoint","urlTemplate":"https:\/\/padrejosimo.com.br\/site\/?s={search_term_string}"},"query-input":{"@type":"PropertyValueSpecification","valueRequired":true,"valueName":"search_term_string"}}],"inLanguage":"pt-BR"},{"@type":"Organization","@id":"https:\/\/padrejosimo.com.br\/site\/#organization","name":"Instituto Cultural Padre Josimo","alternateName":"ICPJ","url":"https:\/\/padrejosimo.com.br\/site\/","logo":{"@type":"ImageObject","inLanguage":"pt-BR","@id":"https:\/\/padrejosimo.com.br\/site\/#\/schema\/logo\/image\/","url":"https:\/\/padrejosimo.com.br\/site\/wp-content\/uploads\/2025\/09\/cropped-icon-icpj.png","contentUrl":"https:\/\/padrejosimo.com.br\/site\/wp-content\/uploads\/2025\/09\/cropped-icon-icpj.png","width":512,"height":512,"caption":"Instituto Cultural Padre Josimo"},"image":{"@id":"https:\/\/padrejosimo.com.br\/site\/#\/schema\/logo\/image\/"}}]}},"_links":{"self":[{"href":"https:\/\/padrejosimo.com.br\/site\/wp-json\/wp\/v2\/noticias\/315","targetHints":{"allow":["GET"]}}],"collection":[{"href":"https:\/\/padrejosimo.com.br\/site\/wp-json\/wp\/v2\/noticias"}],"about":[{"href":"https:\/\/padrejosimo.com.br\/site\/wp-json\/wp\/v2\/types\/noticias"}],"wp:featuredmedia":[{"embeddable":true,"href":"https:\/\/padrejosimo.com.br\/site\/wp-json\/wp\/v2\/media\/313"}],"wp:attachment":[{"href":"https:\/\/padrejosimo.com.br\/site\/wp-json\/wp\/v2\/media?parent=315"}],"wp:term":[{"taxonomy":"categorias_noticias","embeddable":true,"href":"https:\/\/padrejosimo.com.br\/site\/wp-json\/wp\/v2\/categorias_noticias?post=315"}],"curies":[{"name":"wp","href":"https:\/\/api.w.org\/{rel}","templated":true}]}}