{"id":290,"date":"2017-06-01T17:00:29","date_gmt":"2017-06-01T20:00:29","guid":{"rendered":"http:\/\/bagual.com.br\/site\/?post_type=noticias&#038;p=290"},"modified":"2017-06-01T17:00:47","modified_gmt":"2017-06-01T20:00:47","slug":"lutador-contra-a-ditadura-sereno-chaise-morre-aos-89-anos-em-porto-alegre","status":"publish","type":"noticias","link":"https:\/\/padrejosimo.com.br\/site\/noticias\/lutador-contra-a-ditadura-sereno-chaise-morre-aos-89-anos-em-porto-alegre\/","title":{"rendered":"Lutador contra a ditadura, Sereno Chaise morre aos 89 anos em Porto Alegre"},"content":{"rendered":"<figure id=\"attachment_291\" aria-describedby=\"caption-attachment-291\" style=\"width: 250px\" class=\"wp-caption alignleft\"><img fetchpriority=\"high\" decoding=\"async\" class=\"size-full wp-image-291\" src=\"http:\/\/bagual.com.br\/site\/wp-content\/uploads\/2017\/06\/sereno_foto_ALRS.jpg\" alt=\"\" width=\"250\" height=\"340\" srcset=\"https:\/\/padrejosimo.com.br\/site\/wp-content\/uploads\/2017\/06\/sereno_foto_ALRS.jpg 250w, https:\/\/padrejosimo.com.br\/site\/wp-content\/uploads\/2017\/06\/sereno_foto_ALRS-221x300.jpg 221w\" sizes=\"(max-width: 250px) 100vw, 250px\" \/><figcaption id=\"caption-attachment-291\" class=\"wp-caption-text\">Sereno Chaise (Foto:Marcos Eifler\/Ag\u00eancia ALRS)<\/figcaption><\/figure>\n<p>Morreu nesta quinta-feira, aos 89 anos, Sereno Chaise, importante figura pol\u00edtica ga\u00facha no apoio \u00e0s lutas sociais e pela democracia. Chaise estava internado h\u00e1 quase 30 dias no hospital M\u00e3e de Deus e, segundo a Assembleia Legislativa do Rio Grande do Sul, morreu em decorr\u00eancia de fal\u00eancia m\u00faltipla dos \u00f3rg\u00e3os. O vel\u00f3rio est\u00e1 previsto para ser realizado hoje, a partir das 18h, no cemit\u00e9rio Jardim da Paz e o sepultamento, \u00e0s 10h desta sexta-feira.<\/p>\n<p>De origem trabalhista, tendo trabalhado por muitos anos ao lado de Leonel Brizola, Sereno Chaise tornou-se figura marcante na hist\u00f3ria pol\u00edtica do Rio Grande do Sul. Em 1951, iniciou como vereador de Porto Alegre. Em 1963, foi eleito prefeito da capital ga\u00facha, mas teve seu mandato cassado com a instaura\u00e7\u00e3o da ditadura civil militar brasileira. Teve seus direitos pol\u00edticos impedidos at\u00e9 1979, quando com a anistia, voltou \u00e0 cena pol\u00edtica, primeiramente na reconstru\u00e7\u00e3o do PDT e depois integrando o PT na gest\u00e3o de Ol\u00edvio Dutra no Pal\u00e1cio Piratini.<\/p>\n<p>Em 2003, Sereno Chaise ingressou como diretor financeiro na Companhia de Gera\u00e7\u00e3o T\u00e9rmica de Energia El\u00e9trica (CGTEE). Em 2006, tornou-se presidente da estatal, permanecendo at\u00e9 2015. Nesse per\u00edodo, ele apostou no trabalho de reflorestamento executado pelo ICPJ, no qual foram recuperadas \u00e1reas degradadas nos assentamentos dos munic\u00edpios de Hulha Negra, Candiota e Acegu\u00e1. Neste momento de consterna\u00e7\u00e3o, o Instituto Cultural Padre Josimo manda um abra\u00e7o solid\u00e1rio aos familiares e amigos de Chaise, n\u00e3o esquecendo de manter vivo seu legado na luta pelo povo e pela democracia.<\/p>\n","protected":false},"excerpt":{"rendered":"<p>Morreu nesta quinta-feira, aos 89 anos, Sereno Chaise, importante figura pol\u00edtica ga\u00facha no apoio \u00e0s lutas sociais e pela democracia. Chaise estava internado h\u00e1 quase 30 dias no hospital M\u00e3e de Deus e morreu em decorr\u00eancia de fal\u00eancia m\u00faltipla dos \u00f3rg\u00e3os. O vel\u00f3rio est\u00e1 previsto para ser realizado hoje, a partir das 18h, no cemit\u00e9rio Jardim da Paz e o sepultamento, \u00e0s 10h desta sexta-feira.<\/p>\n","protected":false},"featured_media":291,"template":"","categorias_noticias":[13],"class_list":["post-290","noticias","type-noticias","status-publish","has-post-thumbnail","hentry","categorias_noticias-noticias"],"acf":[],"yoast_head":"<!-- This site is optimized with the Yoast SEO plugin v27.2 - https:\/\/yoast.com\/product\/yoast-seo-wordpress\/ -->\n<title>Lutador contra a ditadura, Sereno Chaise morre aos 89 anos em Porto Alegre - Instituto Cultural Padre Josimo<\/title>\n<meta name=\"robots\" content=\"index, follow, max-snippet:-1, max-image-preview:large, max-video-preview:-1\" \/>\n<link rel=\"canonical\" href=\"https:\/\/padrejosimo.com.br\/site\/noticias\/lutador-contra-a-ditadura-sereno-chaise-morre-aos-89-anos-em-porto-alegre\/\" \/>\n<meta property=\"og:locale\" content=\"pt_BR\" \/>\n<meta property=\"og:type\" content=\"article\" \/>\n<meta property=\"og:title\" content=\"Lutador contra a ditadura, Sereno Chaise morre aos 89 anos em Porto Alegre - Instituto Cultural Padre Josimo\" \/>\n<meta property=\"og:description\" content=\"Morreu nesta quinta-feira, aos 89 anos, Sereno Chaise, importante figura pol\u00edtica ga\u00facha no apoio \u00e0s lutas sociais e pela democracia. Chaise estava internado h\u00e1 quase 30 dias no hospital M\u00e3e de Deus e morreu em decorr\u00eancia de fal\u00eancia m\u00faltipla dos \u00f3rg\u00e3os. O vel\u00f3rio est\u00e1 previsto para ser realizado hoje, a partir das 18h, no cemit\u00e9rio Jardim da Paz e o sepultamento, \u00e0s 10h desta sexta-feira.\" \/>\n<meta property=\"og:url\" content=\"https:\/\/padrejosimo.com.br\/site\/noticias\/lutador-contra-a-ditadura-sereno-chaise-morre-aos-89-anos-em-porto-alegre\/\" \/>\n<meta property=\"og:site_name\" content=\"Instituto Cultural Padre Josimo\" \/>\n<meta property=\"article:modified_time\" content=\"2017-06-01T20:00:47+00:00\" \/>\n<meta property=\"og:image\" content=\"https:\/\/padrejosimo.com.br\/site\/wp-content\/uploads\/2017\/06\/sereno_foto_ALRS.jpg\" \/>\n\t<meta property=\"og:image:width\" content=\"250\" \/>\n\t<meta property=\"og:image:height\" content=\"340\" \/>\n\t<meta property=\"og:image:type\" content=\"image\/jpeg\" \/>\n<meta name=\"twitter:card\" content=\"summary_large_image\" \/>\n<meta name=\"twitter:label1\" content=\"Est. tempo de leitura\" \/>\n\t<meta name=\"twitter:data1\" content=\"1 minuto\" \/>\n<script type=\"application\/ld+json\" class=\"yoast-schema-graph\">{\"@context\":\"https:\/\/schema.org\",\"@graph\":[{\"@type\":\"WebPage\",\"@id\":\"https:\/\/padrejosimo.com.br\/site\/noticias\/lutador-contra-a-ditadura-sereno-chaise-morre-aos-89-anos-em-porto-alegre\/\",\"url\":\"https:\/\/padrejosimo.com.br\/site\/noticias\/lutador-contra-a-ditadura-sereno-chaise-morre-aos-89-anos-em-porto-alegre\/\",\"name\":\"Lutador contra a ditadura, Sereno Chaise morre aos 89 anos em Porto Alegre - Instituto Cultural Padre Josimo\",\"isPartOf\":{\"@id\":\"https:\/\/padrejosimo.com.br\/site\/#website\"},\"primaryImageOfPage\":{\"@id\":\"https:\/\/padrejosimo.com.br\/site\/noticias\/lutador-contra-a-ditadura-sereno-chaise-morre-aos-89-anos-em-porto-alegre\/#primaryimage\"},\"image\":{\"@id\":\"https:\/\/padrejosimo.com.br\/site\/noticias\/lutador-contra-a-ditadura-sereno-chaise-morre-aos-89-anos-em-porto-alegre\/#primaryimage\"},\"thumbnailUrl\":\"https:\/\/padrejosimo.com.br\/site\/wp-content\/uploads\/2017\/06\/sereno_foto_ALRS.jpg\",\"datePublished\":\"2017-06-01T20:00:29+00:00\",\"dateModified\":\"2017-06-01T20:00:47+00:00\",\"breadcrumb\":{\"@id\":\"https:\/\/padrejosimo.com.br\/site\/noticias\/lutador-contra-a-ditadura-sereno-chaise-morre-aos-89-anos-em-porto-alegre\/#breadcrumb\"},\"inLanguage\":\"pt-BR\",\"potentialAction\":[{\"@type\":\"ReadAction\",\"target\":[\"https:\/\/padrejosimo.com.br\/site\/noticias\/lutador-contra-a-ditadura-sereno-chaise-morre-aos-89-anos-em-porto-alegre\/\"]}]},{\"@type\":\"ImageObject\",\"inLanguage\":\"pt-BR\",\"@id\":\"https:\/\/padrejosimo.com.br\/site\/noticias\/lutador-contra-a-ditadura-sereno-chaise-morre-aos-89-anos-em-porto-alegre\/#primaryimage\",\"url\":\"https:\/\/padrejosimo.com.br\/site\/wp-content\/uploads\/2017\/06\/sereno_foto_ALRS.jpg\",\"contentUrl\":\"https:\/\/padrejosimo.com.br\/site\/wp-content\/uploads\/2017\/06\/sereno_foto_ALRS.jpg\",\"width\":250,\"height\":340,\"caption\":\"Sereno Chaise (Foto:Marcos Eifler\/Ag\u00eancia ALRS)\"},{\"@type\":\"BreadcrumbList\",\"@id\":\"https:\/\/padrejosimo.com.br\/site\/noticias\/lutador-contra-a-ditadura-sereno-chaise-morre-aos-89-anos-em-porto-alegre\/#breadcrumb\",\"itemListElement\":[{\"@type\":\"ListItem\",\"position\":1,\"name\":\"In\u00edcio\",\"item\":\"https:\/\/padrejosimo.com.br\/site\/\"},{\"@type\":\"ListItem\",\"position\":2,\"name\":\"Not\u00edcias\",\"item\":\"https:\/\/padrejosimo.com.br\/site\/noticias\/\"},{\"@type\":\"ListItem\",\"position\":3,\"name\":\"Lutador contra a ditadura, Sereno Chaise morre aos 89 anos em Porto Alegre\"}]},{\"@type\":\"WebSite\",\"@id\":\"https:\/\/padrejosimo.com.br\/site\/#website\",\"url\":\"https:\/\/padrejosimo.com.br\/site\/\",\"name\":\"Instituto Cultural Padre Josimo\",\"description\":\"Comprometida com a promo\u00e7\u00e3o da justi\u00e7a social, agroecologia e educa\u00e7\u00e3o popular\",\"publisher\":{\"@id\":\"https:\/\/padrejosimo.com.br\/site\/#organization\"},\"alternateName\":\"ICPJ\",\"potentialAction\":[{\"@type\":\"SearchAction\",\"target\":{\"@type\":\"EntryPoint\",\"urlTemplate\":\"https:\/\/padrejosimo.com.br\/site\/?s={search_term_string}\"},\"query-input\":{\"@type\":\"PropertyValueSpecification\",\"valueRequired\":true,\"valueName\":\"search_term_string\"}}],\"inLanguage\":\"pt-BR\"},{\"@type\":\"Organization\",\"@id\":\"https:\/\/padrejosimo.com.br\/site\/#organization\",\"name\":\"Instituto Cultural Padre Josimo\",\"alternateName\":\"ICPJ\",\"url\":\"https:\/\/padrejosimo.com.br\/site\/\",\"logo\":{\"@type\":\"ImageObject\",\"inLanguage\":\"pt-BR\",\"@id\":\"https:\/\/padrejosimo.com.br\/site\/#\/schema\/logo\/image\/\",\"url\":\"https:\/\/padrejosimo.com.br\/site\/wp-content\/uploads\/2025\/09\/cropped-icon-icpj.png\",\"contentUrl\":\"https:\/\/padrejosimo.com.br\/site\/wp-content\/uploads\/2025\/09\/cropped-icon-icpj.png\",\"width\":512,\"height\":512,\"caption\":\"Instituto Cultural Padre Josimo\"},\"image\":{\"@id\":\"https:\/\/padrejosimo.com.br\/site\/#\/schema\/logo\/image\/\"}}]}<\/script>\n<!-- \/ Yoast SEO plugin. -->","yoast_head_json":{"title":"Lutador contra a ditadura, Sereno Chaise morre aos 89 anos em Porto Alegre - Instituto Cultural Padre Josimo","robots":{"index":"index","follow":"follow","max-snippet":"max-snippet:-1","max-image-preview":"max-image-preview:large","max-video-preview":"max-video-preview:-1"},"canonical":"https:\/\/padrejosimo.com.br\/site\/noticias\/lutador-contra-a-ditadura-sereno-chaise-morre-aos-89-anos-em-porto-alegre\/","og_locale":"pt_BR","og_type":"article","og_title":"Lutador contra a ditadura, Sereno Chaise morre aos 89 anos em Porto Alegre - Instituto Cultural Padre Josimo","og_description":"Morreu nesta quinta-feira, aos 89 anos, Sereno Chaise, importante figura pol\u00edtica ga\u00facha no apoio \u00e0s lutas sociais e pela democracia. Chaise estava internado h\u00e1 quase 30 dias no hospital M\u00e3e de Deus e morreu em decorr\u00eancia de fal\u00eancia m\u00faltipla dos \u00f3rg\u00e3os. O vel\u00f3rio est\u00e1 previsto para ser realizado hoje, a partir das 18h, no cemit\u00e9rio Jardim da Paz e o sepultamento, \u00e0s 10h desta sexta-feira.","og_url":"https:\/\/padrejosimo.com.br\/site\/noticias\/lutador-contra-a-ditadura-sereno-chaise-morre-aos-89-anos-em-porto-alegre\/","og_site_name":"Instituto Cultural Padre Josimo","article_modified_time":"2017-06-01T20:00:47+00:00","og_image":[{"width":250,"height":340,"url":"https:\/\/padrejosimo.com.br\/site\/wp-content\/uploads\/2017\/06\/sereno_foto_ALRS.jpg","type":"image\/jpeg"}],"twitter_card":"summary_large_image","twitter_misc":{"Est. tempo de leitura":"1 minuto"},"schema":{"@context":"https:\/\/schema.org","@graph":[{"@type":"WebPage","@id":"https:\/\/padrejosimo.com.br\/site\/noticias\/lutador-contra-a-ditadura-sereno-chaise-morre-aos-89-anos-em-porto-alegre\/","url":"https:\/\/padrejosimo.com.br\/site\/noticias\/lutador-contra-a-ditadura-sereno-chaise-morre-aos-89-anos-em-porto-alegre\/","name":"Lutador contra a ditadura, Sereno Chaise morre aos 89 anos em Porto Alegre - Instituto Cultural Padre Josimo","isPartOf":{"@id":"https:\/\/padrejosimo.com.br\/site\/#website"},"primaryImageOfPage":{"@id":"https:\/\/padrejosimo.com.br\/site\/noticias\/lutador-contra-a-ditadura-sereno-chaise-morre-aos-89-anos-em-porto-alegre\/#primaryimage"},"image":{"@id":"https:\/\/padrejosimo.com.br\/site\/noticias\/lutador-contra-a-ditadura-sereno-chaise-morre-aos-89-anos-em-porto-alegre\/#primaryimage"},"thumbnailUrl":"https:\/\/padrejosimo.com.br\/site\/wp-content\/uploads\/2017\/06\/sereno_foto_ALRS.jpg","datePublished":"2017-06-01T20:00:29+00:00","dateModified":"2017-06-01T20:00:47+00:00","breadcrumb":{"@id":"https:\/\/padrejosimo.com.br\/site\/noticias\/lutador-contra-a-ditadura-sereno-chaise-morre-aos-89-anos-em-porto-alegre\/#breadcrumb"},"inLanguage":"pt-BR","potentialAction":[{"@type":"ReadAction","target":["https:\/\/padrejosimo.com.br\/site\/noticias\/lutador-contra-a-ditadura-sereno-chaise-morre-aos-89-anos-em-porto-alegre\/"]}]},{"@type":"ImageObject","inLanguage":"pt-BR","@id":"https:\/\/padrejosimo.com.br\/site\/noticias\/lutador-contra-a-ditadura-sereno-chaise-morre-aos-89-anos-em-porto-alegre\/#primaryimage","url":"https:\/\/padrejosimo.com.br\/site\/wp-content\/uploads\/2017\/06\/sereno_foto_ALRS.jpg","contentUrl":"https:\/\/padrejosimo.com.br\/site\/wp-content\/uploads\/2017\/06\/sereno_foto_ALRS.jpg","width":250,"height":340,"caption":"Sereno Chaise (Foto:Marcos Eifler\/Ag\u00eancia ALRS)"},{"@type":"BreadcrumbList","@id":"https:\/\/padrejosimo.com.br\/site\/noticias\/lutador-contra-a-ditadura-sereno-chaise-morre-aos-89-anos-em-porto-alegre\/#breadcrumb","itemListElement":[{"@type":"ListItem","position":1,"name":"In\u00edcio","item":"https:\/\/padrejosimo.com.br\/site\/"},{"@type":"ListItem","position":2,"name":"Not\u00edcias","item":"https:\/\/padrejosimo.com.br\/site\/noticias\/"},{"@type":"ListItem","position":3,"name":"Lutador contra a ditadura, Sereno Chaise morre aos 89 anos em Porto Alegre"}]},{"@type":"WebSite","@id":"https:\/\/padrejosimo.com.br\/site\/#website","url":"https:\/\/padrejosimo.com.br\/site\/","name":"Instituto Cultural Padre Josimo","description":"Comprometida com a promo\u00e7\u00e3o da justi\u00e7a social, agroecologia e educa\u00e7\u00e3o popular","publisher":{"@id":"https:\/\/padrejosimo.com.br\/site\/#organization"},"alternateName":"ICPJ","potentialAction":[{"@type":"SearchAction","target":{"@type":"EntryPoint","urlTemplate":"https:\/\/padrejosimo.com.br\/site\/?s={search_term_string}"},"query-input":{"@type":"PropertyValueSpecification","valueRequired":true,"valueName":"search_term_string"}}],"inLanguage":"pt-BR"},{"@type":"Organization","@id":"https:\/\/padrejosimo.com.br\/site\/#organization","name":"Instituto Cultural Padre Josimo","alternateName":"ICPJ","url":"https:\/\/padrejosimo.com.br\/site\/","logo":{"@type":"ImageObject","inLanguage":"pt-BR","@id":"https:\/\/padrejosimo.com.br\/site\/#\/schema\/logo\/image\/","url":"https:\/\/padrejosimo.com.br\/site\/wp-content\/uploads\/2025\/09\/cropped-icon-icpj.png","contentUrl":"https:\/\/padrejosimo.com.br\/site\/wp-content\/uploads\/2025\/09\/cropped-icon-icpj.png","width":512,"height":512,"caption":"Instituto Cultural Padre Josimo"},"image":{"@id":"https:\/\/padrejosimo.com.br\/site\/#\/schema\/logo\/image\/"}}]}},"_links":{"self":[{"href":"https:\/\/padrejosimo.com.br\/site\/wp-json\/wp\/v2\/noticias\/290","targetHints":{"allow":["GET"]}}],"collection":[{"href":"https:\/\/padrejosimo.com.br\/site\/wp-json\/wp\/v2\/noticias"}],"about":[{"href":"https:\/\/padrejosimo.com.br\/site\/wp-json\/wp\/v2\/types\/noticias"}],"wp:featuredmedia":[{"embeddable":true,"href":"https:\/\/padrejosimo.com.br\/site\/wp-json\/wp\/v2\/media\/291"}],"wp:attachment":[{"href":"https:\/\/padrejosimo.com.br\/site\/wp-json\/wp\/v2\/media?parent=290"}],"wp:term":[{"taxonomy":"categorias_noticias","embeddable":true,"href":"https:\/\/padrejosimo.com.br\/site\/wp-json\/wp\/v2\/categorias_noticias?post=290"}],"curies":[{"name":"wp","href":"https:\/\/api.w.org\/{rel}","templated":true}]}}