{"id":272,"date":"2017-05-18T15:22:48","date_gmt":"2017-05-18T18:22:48","guid":{"rendered":"http:\/\/www.padrejosimo.com.br\/?post_type=noticias&#038;p=272"},"modified":"2017-05-18T15:57:05","modified_gmt":"2017-05-18T18:57:05","slug":"mpa-e-sindipetrors-colocam-em-pratica-fecham-alianca-camponesa-e-operaria-inaugurando-feira-ecologica-em-porto-alegre","status":"publish","type":"noticias","link":"https:\/\/padrejosimo.com.br\/site\/noticias\/mpa-e-sindipetrors-colocam-em-pratica-fecham-alianca-camponesa-e-operaria-inaugurando-feira-ecologica-em-porto-alegre\/","title":{"rendered":"MPA e Sindipetro\/RS colocam em pr\u00e1tica alian\u00e7a camponesa e oper\u00e1ria inaugurando Feira ecol\u00f3gica em Porto Alegre"},"content":{"rendered":"<p>O Movimento dos Pequenos Agricultores (MPA) e o Sindipetro\/RS fecharam uma parceria que coloca em pr\u00e1tica o &#8220;Plano Campon\u00eas, Alian\u00e7a Camponesa e Oper\u00e1ria por Soberania Alimentar&#8221;, articulado no I Congresso Nacional do MPA, em outubro do ano passado. Juntos, inauguraram a Feira da Agricultura Camponesa no munic\u00edpio de Porto Alegre, iniciativa que leva alimentos agroecol\u00f3gicos direto dos produtores aos consumidores e tamb\u00e9m proporciona maior di\u00e1logo entre os trabalhadores do campo e da cidade. <\/p>\n<p>Ontem, 17 de maio, dia da inaugura\u00e7\u00e3o da feira, o ICPJ esteve l\u00e1 e conversou com expositores e apoiadores do projeto. Assista a mat\u00e9ria:<\/p>\n<p><center><iframe width=\"853\" height=\"480\" src=\"https:\/\/www.youtube.com\/embed\/Bt2v4NEz6BE?rel=0&amp;controls=0\" frameborder=\"0\" allowfullscreen><\/iframe><\/center><\/p>\n<p><strong>Servi\u00e7o:<\/strong><br \/>\n<img fetchpriority=\"high\" decoding=\"async\" src=\"http:\/\/www.padrejosimo.com.br\/wp-content\/uploads\/2017\/05\/feira_mpa_sindipetro.jpg\" alt=\"\" width=\"690\" height=\"478\" class=\"aligncenter size-full wp-image-274\" srcset=\"https:\/\/padrejosimo.com.br\/site\/wp-content\/uploads\/2017\/05\/feira_mpa_sindipetro.jpg 690w, https:\/\/padrejosimo.com.br\/site\/wp-content\/uploads\/2017\/05\/feira_mpa_sindipetro-300x208.jpg 300w\" sizes=\"(max-width: 690px) 100vw, 690px\" \/><\/p>\n","protected":false},"excerpt":{"rendered":"<p>Clique e assista mat\u00e9ria especial. O Movimento dos Pequenos Agricultores e o Sindipetro\/RS fecharam uma parceria que coloca em pr\u00e1tica o Plano Campon\u00eas, Alian\u00e7a Camponesa e Oper\u00e1ria por Soberania Alimentar, inaugurando a Feira da Agricultura Camponesa em Porto Alegre.<\/p>\n","protected":false},"featured_media":274,"template":"","categorias_noticias":[12,13],"class_list":["post-272","noticias","type-noticias","status-publish","has-post-thumbnail","hentry","categorias_noticias-multimidia","categorias_noticias-noticias"],"acf":[],"yoast_head":"<!-- This site is optimized with the Yoast SEO plugin v27.2 - https:\/\/yoast.com\/product\/yoast-seo-wordpress\/ -->\n<title>MPA e Sindipetro\/RS colocam em pr\u00e1tica alian\u00e7a camponesa e oper\u00e1ria inaugurando Feira ecol\u00f3gica em Porto Alegre - Instituto Cultural Padre Josimo<\/title>\n<meta name=\"robots\" content=\"index, follow, max-snippet:-1, max-image-preview:large, max-video-preview:-1\" \/>\n<link rel=\"canonical\" href=\"https:\/\/padrejosimo.com.br\/site\/noticias\/mpa-e-sindipetrors-colocam-em-pratica-fecham-alianca-camponesa-e-operaria-inaugurando-feira-ecologica-em-porto-alegre\/\" \/>\n<meta property=\"og:locale\" content=\"pt_BR\" \/>\n<meta property=\"og:type\" content=\"article\" \/>\n<meta property=\"og:title\" content=\"MPA e Sindipetro\/RS colocam em pr\u00e1tica alian\u00e7a camponesa e oper\u00e1ria inaugurando Feira ecol\u00f3gica em Porto Alegre - Instituto Cultural Padre Josimo\" \/>\n<meta property=\"og:description\" content=\"Clique e assista mat\u00e9ria especial. O Movimento dos Pequenos Agricultores e o Sindipetro\/RS fecharam uma parceria que coloca em pr\u00e1tica o Plano Campon\u00eas, Alian\u00e7a Camponesa e Oper\u00e1ria por Soberania Alimentar, inaugurando a Feira da Agricultura Camponesa em Porto Alegre.\" \/>\n<meta property=\"og:url\" content=\"https:\/\/padrejosimo.com.br\/site\/noticias\/mpa-e-sindipetrors-colocam-em-pratica-fecham-alianca-camponesa-e-operaria-inaugurando-feira-ecologica-em-porto-alegre\/\" \/>\n<meta property=\"og:site_name\" content=\"Instituto Cultural Padre Josimo\" \/>\n<meta property=\"article:modified_time\" content=\"2017-05-18T18:57:05+00:00\" \/>\n<meta property=\"og:image\" content=\"https:\/\/padrejosimo.com.br\/site\/wp-content\/uploads\/2017\/05\/feira_mpa_sindipetro.jpg\" \/>\n\t<meta property=\"og:image:width\" content=\"690\" \/>\n\t<meta property=\"og:image:height\" content=\"478\" \/>\n\t<meta property=\"og:image:type\" content=\"image\/jpeg\" \/>\n<meta name=\"twitter:card\" content=\"summary_large_image\" \/>\n<meta name=\"twitter:label1\" content=\"Est. tempo de leitura\" \/>\n\t<meta name=\"twitter:data1\" content=\"1 minuto\" \/>\n<script type=\"application\/ld+json\" class=\"yoast-schema-graph\">{\"@context\":\"https:\/\/schema.org\",\"@graph\":[{\"@type\":\"WebPage\",\"@id\":\"https:\/\/padrejosimo.com.br\/site\/noticias\/mpa-e-sindipetrors-colocam-em-pratica-fecham-alianca-camponesa-e-operaria-inaugurando-feira-ecologica-em-porto-alegre\/\",\"url\":\"https:\/\/padrejosimo.com.br\/site\/noticias\/mpa-e-sindipetrors-colocam-em-pratica-fecham-alianca-camponesa-e-operaria-inaugurando-feira-ecologica-em-porto-alegre\/\",\"name\":\"MPA e Sindipetro\/RS colocam em pr\u00e1tica alian\u00e7a camponesa e oper\u00e1ria inaugurando Feira ecol\u00f3gica em Porto Alegre - Instituto Cultural Padre Josimo\",\"isPartOf\":{\"@id\":\"https:\/\/padrejosimo.com.br\/site\/#website\"},\"primaryImageOfPage\":{\"@id\":\"https:\/\/padrejosimo.com.br\/site\/noticias\/mpa-e-sindipetrors-colocam-em-pratica-fecham-alianca-camponesa-e-operaria-inaugurando-feira-ecologica-em-porto-alegre\/#primaryimage\"},\"image\":{\"@id\":\"https:\/\/padrejosimo.com.br\/site\/noticias\/mpa-e-sindipetrors-colocam-em-pratica-fecham-alianca-camponesa-e-operaria-inaugurando-feira-ecologica-em-porto-alegre\/#primaryimage\"},\"thumbnailUrl\":\"https:\/\/padrejosimo.com.br\/site\/wp-content\/uploads\/2017\/05\/feira_mpa_sindipetro.jpg\",\"datePublished\":\"2017-05-18T18:22:48+00:00\",\"dateModified\":\"2017-05-18T18:57:05+00:00\",\"breadcrumb\":{\"@id\":\"https:\/\/padrejosimo.com.br\/site\/noticias\/mpa-e-sindipetrors-colocam-em-pratica-fecham-alianca-camponesa-e-operaria-inaugurando-feira-ecologica-em-porto-alegre\/#breadcrumb\"},\"inLanguage\":\"pt-BR\",\"potentialAction\":[{\"@type\":\"ReadAction\",\"target\":[\"https:\/\/padrejosimo.com.br\/site\/noticias\/mpa-e-sindipetrors-colocam-em-pratica-fecham-alianca-camponesa-e-operaria-inaugurando-feira-ecologica-em-porto-alegre\/\"]}]},{\"@type\":\"ImageObject\",\"inLanguage\":\"pt-BR\",\"@id\":\"https:\/\/padrejosimo.com.br\/site\/noticias\/mpa-e-sindipetrors-colocam-em-pratica-fecham-alianca-camponesa-e-operaria-inaugurando-feira-ecologica-em-porto-alegre\/#primaryimage\",\"url\":\"https:\/\/padrejosimo.com.br\/site\/wp-content\/uploads\/2017\/05\/feira_mpa_sindipetro.jpg\",\"contentUrl\":\"https:\/\/padrejosimo.com.br\/site\/wp-content\/uploads\/2017\/05\/feira_mpa_sindipetro.jpg\",\"width\":690,\"height\":478},{\"@type\":\"BreadcrumbList\",\"@id\":\"https:\/\/padrejosimo.com.br\/site\/noticias\/mpa-e-sindipetrors-colocam-em-pratica-fecham-alianca-camponesa-e-operaria-inaugurando-feira-ecologica-em-porto-alegre\/#breadcrumb\",\"itemListElement\":[{\"@type\":\"ListItem\",\"position\":1,\"name\":\"In\u00edcio\",\"item\":\"https:\/\/padrejosimo.com.br\/site\/\"},{\"@type\":\"ListItem\",\"position\":2,\"name\":\"Not\u00edcias\",\"item\":\"https:\/\/padrejosimo.com.br\/site\/noticias\/\"},{\"@type\":\"ListItem\",\"position\":3,\"name\":\"MPA e Sindipetro\/RS colocam em pr\u00e1tica alian\u00e7a camponesa e oper\u00e1ria inaugurando Feira ecol\u00f3gica em Porto Alegre\"}]},{\"@type\":\"WebSite\",\"@id\":\"https:\/\/padrejosimo.com.br\/site\/#website\",\"url\":\"https:\/\/padrejosimo.com.br\/site\/\",\"name\":\"Instituto Cultural Padre Josimo\",\"description\":\"Comprometida com a promo\u00e7\u00e3o da justi\u00e7a social, agroecologia e educa\u00e7\u00e3o popular\",\"publisher\":{\"@id\":\"https:\/\/padrejosimo.com.br\/site\/#organization\"},\"alternateName\":\"ICPJ\",\"potentialAction\":[{\"@type\":\"SearchAction\",\"target\":{\"@type\":\"EntryPoint\",\"urlTemplate\":\"https:\/\/padrejosimo.com.br\/site\/?s={search_term_string}\"},\"query-input\":{\"@type\":\"PropertyValueSpecification\",\"valueRequired\":true,\"valueName\":\"search_term_string\"}}],\"inLanguage\":\"pt-BR\"},{\"@type\":\"Organization\",\"@id\":\"https:\/\/padrejosimo.com.br\/site\/#organization\",\"name\":\"Instituto Cultural Padre Josimo\",\"alternateName\":\"ICPJ\",\"url\":\"https:\/\/padrejosimo.com.br\/site\/\",\"logo\":{\"@type\":\"ImageObject\",\"inLanguage\":\"pt-BR\",\"@id\":\"https:\/\/padrejosimo.com.br\/site\/#\/schema\/logo\/image\/\",\"url\":\"https:\/\/padrejosimo.com.br\/site\/wp-content\/uploads\/2025\/09\/cropped-icon-icpj.png\",\"contentUrl\":\"https:\/\/padrejosimo.com.br\/site\/wp-content\/uploads\/2025\/09\/cropped-icon-icpj.png\",\"width\":512,\"height\":512,\"caption\":\"Instituto Cultural Padre Josimo\"},\"image\":{\"@id\":\"https:\/\/padrejosimo.com.br\/site\/#\/schema\/logo\/image\/\"}}]}<\/script>\n<!-- \/ Yoast SEO plugin. -->","yoast_head_json":{"title":"MPA e Sindipetro\/RS colocam em pr\u00e1tica alian\u00e7a camponesa e oper\u00e1ria inaugurando Feira ecol\u00f3gica em Porto Alegre - Instituto Cultural Padre Josimo","robots":{"index":"index","follow":"follow","max-snippet":"max-snippet:-1","max-image-preview":"max-image-preview:large","max-video-preview":"max-video-preview:-1"},"canonical":"https:\/\/padrejosimo.com.br\/site\/noticias\/mpa-e-sindipetrors-colocam-em-pratica-fecham-alianca-camponesa-e-operaria-inaugurando-feira-ecologica-em-porto-alegre\/","og_locale":"pt_BR","og_type":"article","og_title":"MPA e Sindipetro\/RS colocam em pr\u00e1tica alian\u00e7a camponesa e oper\u00e1ria inaugurando Feira ecol\u00f3gica em Porto Alegre - Instituto Cultural Padre Josimo","og_description":"Clique e assista mat\u00e9ria especial. O Movimento dos Pequenos Agricultores e o Sindipetro\/RS fecharam uma parceria que coloca em pr\u00e1tica o Plano Campon\u00eas, Alian\u00e7a Camponesa e Oper\u00e1ria por Soberania Alimentar, inaugurando a Feira da Agricultura Camponesa em Porto Alegre.","og_url":"https:\/\/padrejosimo.com.br\/site\/noticias\/mpa-e-sindipetrors-colocam-em-pratica-fecham-alianca-camponesa-e-operaria-inaugurando-feira-ecologica-em-porto-alegre\/","og_site_name":"Instituto Cultural Padre Josimo","article_modified_time":"2017-05-18T18:57:05+00:00","og_image":[{"width":690,"height":478,"url":"https:\/\/padrejosimo.com.br\/site\/wp-content\/uploads\/2017\/05\/feira_mpa_sindipetro.jpg","type":"image\/jpeg"}],"twitter_card":"summary_large_image","twitter_misc":{"Est. tempo de leitura":"1 minuto"},"schema":{"@context":"https:\/\/schema.org","@graph":[{"@type":"WebPage","@id":"https:\/\/padrejosimo.com.br\/site\/noticias\/mpa-e-sindipetrors-colocam-em-pratica-fecham-alianca-camponesa-e-operaria-inaugurando-feira-ecologica-em-porto-alegre\/","url":"https:\/\/padrejosimo.com.br\/site\/noticias\/mpa-e-sindipetrors-colocam-em-pratica-fecham-alianca-camponesa-e-operaria-inaugurando-feira-ecologica-em-porto-alegre\/","name":"MPA e Sindipetro\/RS colocam em pr\u00e1tica alian\u00e7a camponesa e oper\u00e1ria inaugurando Feira ecol\u00f3gica em Porto Alegre - Instituto Cultural Padre Josimo","isPartOf":{"@id":"https:\/\/padrejosimo.com.br\/site\/#website"},"primaryImageOfPage":{"@id":"https:\/\/padrejosimo.com.br\/site\/noticias\/mpa-e-sindipetrors-colocam-em-pratica-fecham-alianca-camponesa-e-operaria-inaugurando-feira-ecologica-em-porto-alegre\/#primaryimage"},"image":{"@id":"https:\/\/padrejosimo.com.br\/site\/noticias\/mpa-e-sindipetrors-colocam-em-pratica-fecham-alianca-camponesa-e-operaria-inaugurando-feira-ecologica-em-porto-alegre\/#primaryimage"},"thumbnailUrl":"https:\/\/padrejosimo.com.br\/site\/wp-content\/uploads\/2017\/05\/feira_mpa_sindipetro.jpg","datePublished":"2017-05-18T18:22:48+00:00","dateModified":"2017-05-18T18:57:05+00:00","breadcrumb":{"@id":"https:\/\/padrejosimo.com.br\/site\/noticias\/mpa-e-sindipetrors-colocam-em-pratica-fecham-alianca-camponesa-e-operaria-inaugurando-feira-ecologica-em-porto-alegre\/#breadcrumb"},"inLanguage":"pt-BR","potentialAction":[{"@type":"ReadAction","target":["https:\/\/padrejosimo.com.br\/site\/noticias\/mpa-e-sindipetrors-colocam-em-pratica-fecham-alianca-camponesa-e-operaria-inaugurando-feira-ecologica-em-porto-alegre\/"]}]},{"@type":"ImageObject","inLanguage":"pt-BR","@id":"https:\/\/padrejosimo.com.br\/site\/noticias\/mpa-e-sindipetrors-colocam-em-pratica-fecham-alianca-camponesa-e-operaria-inaugurando-feira-ecologica-em-porto-alegre\/#primaryimage","url":"https:\/\/padrejosimo.com.br\/site\/wp-content\/uploads\/2017\/05\/feira_mpa_sindipetro.jpg","contentUrl":"https:\/\/padrejosimo.com.br\/site\/wp-content\/uploads\/2017\/05\/feira_mpa_sindipetro.jpg","width":690,"height":478},{"@type":"BreadcrumbList","@id":"https:\/\/padrejosimo.com.br\/site\/noticias\/mpa-e-sindipetrors-colocam-em-pratica-fecham-alianca-camponesa-e-operaria-inaugurando-feira-ecologica-em-porto-alegre\/#breadcrumb","itemListElement":[{"@type":"ListItem","position":1,"name":"In\u00edcio","item":"https:\/\/padrejosimo.com.br\/site\/"},{"@type":"ListItem","position":2,"name":"Not\u00edcias","item":"https:\/\/padrejosimo.com.br\/site\/noticias\/"},{"@type":"ListItem","position":3,"name":"MPA e Sindipetro\/RS colocam em pr\u00e1tica alian\u00e7a camponesa e oper\u00e1ria inaugurando Feira ecol\u00f3gica em Porto Alegre"}]},{"@type":"WebSite","@id":"https:\/\/padrejosimo.com.br\/site\/#website","url":"https:\/\/padrejosimo.com.br\/site\/","name":"Instituto Cultural Padre Josimo","description":"Comprometida com a promo\u00e7\u00e3o da justi\u00e7a social, agroecologia e educa\u00e7\u00e3o popular","publisher":{"@id":"https:\/\/padrejosimo.com.br\/site\/#organization"},"alternateName":"ICPJ","potentialAction":[{"@type":"SearchAction","target":{"@type":"EntryPoint","urlTemplate":"https:\/\/padrejosimo.com.br\/site\/?s={search_term_string}"},"query-input":{"@type":"PropertyValueSpecification","valueRequired":true,"valueName":"search_term_string"}}],"inLanguage":"pt-BR"},{"@type":"Organization","@id":"https:\/\/padrejosimo.com.br\/site\/#organization","name":"Instituto Cultural Padre Josimo","alternateName":"ICPJ","url":"https:\/\/padrejosimo.com.br\/site\/","logo":{"@type":"ImageObject","inLanguage":"pt-BR","@id":"https:\/\/padrejosimo.com.br\/site\/#\/schema\/logo\/image\/","url":"https:\/\/padrejosimo.com.br\/site\/wp-content\/uploads\/2025\/09\/cropped-icon-icpj.png","contentUrl":"https:\/\/padrejosimo.com.br\/site\/wp-content\/uploads\/2025\/09\/cropped-icon-icpj.png","width":512,"height":512,"caption":"Instituto Cultural Padre Josimo"},"image":{"@id":"https:\/\/padrejosimo.com.br\/site\/#\/schema\/logo\/image\/"}}]}},"_links":{"self":[{"href":"https:\/\/padrejosimo.com.br\/site\/wp-json\/wp\/v2\/noticias\/272","targetHints":{"allow":["GET"]}}],"collection":[{"href":"https:\/\/padrejosimo.com.br\/site\/wp-json\/wp\/v2\/noticias"}],"about":[{"href":"https:\/\/padrejosimo.com.br\/site\/wp-json\/wp\/v2\/types\/noticias"}],"wp:featuredmedia":[{"embeddable":true,"href":"https:\/\/padrejosimo.com.br\/site\/wp-json\/wp\/v2\/media\/274"}],"wp:attachment":[{"href":"https:\/\/padrejosimo.com.br\/site\/wp-json\/wp\/v2\/media?parent=272"}],"wp:term":[{"taxonomy":"categorias_noticias","embeddable":true,"href":"https:\/\/padrejosimo.com.br\/site\/wp-json\/wp\/v2\/categorias_noticias?post=272"}],"curies":[{"name":"wp","href":"https:\/\/api.w.org\/{rel}","templated":true}]}}