{"id":233,"date":"2016-02-11T15:13:17","date_gmt":"2016-02-11T17:13:17","guid":{"rendered":"http:\/\/bagual.com.br\/site\/?post_type=noticias&#038;p=233"},"modified":"2017-05-05T15:15:19","modified_gmt":"2017-05-05T18:15:19","slug":"icpj-apresenta-documentario-da-campanha-da-fraternidade-2016-saneamento-basico-cuidar-do-planeta-nossa-casa","status":"publish","type":"noticias","link":"https:\/\/padrejosimo.com.br\/site\/noticias\/icpj-apresenta-documentario-da-campanha-da-fraternidade-2016-saneamento-basico-cuidar-do-planeta-nossa-casa\/","title":{"rendered":"ICPJ apresenta document\u00e1rio da Campanha da Fraternidade 2016: Saneamento B\u00e1sico: Cuidar do Planeta, Nossa Casa"},"content":{"rendered":"<p><img fetchpriority=\"high\" decoding=\"async\" class=\"alignleft size-full wp-image-1821\" src=\"http:\/\/www.padrejosimo.com.br\/wp-content\/uploads\/2016\/02\/capadvd2016_copia_255.jpg\" alt=\"capadvd2016_copia_255\" width=\"242\" height=\"218\" \/>A Campanha da Fraternidade Ecum\u00eanica 2016 foi lan\u00e7ada no dia 10 de fevereiro pela Confer\u00eancia Nacional dos Bispos do Brasil (CNBB) e pelo Conselho Nacional de Igrejas Crist\u00e3s (Conic). Neste ano, o tema da Campanha \u00e9 \u201cCasa Comum, nossa responsabilidade\u201d. O objetivo chamar aten\u00e7\u00e3o para a quest\u00e3o do direito ao saneamento b\u00e1sico para todas as pessoas, buscando fortalecer o empenho, \u00e0 luz da f\u00e9, por pol\u00edticas p\u00fablicas e atitudes respons\u00e1veis que garantam a integridade e o futuro da Casa Comum, ou seja, do planeta Terra.<\/p>\n<p>Entre as a\u00e7\u00f5es da Campanha est\u00e1 o lan\u00e7amento do document\u00e1rio \u201cSaneamento B\u00e1sico: Cuidar do Planeta, Nossa Casa\u201d, uma produ\u00e7\u00e3o do Instituto Cultural Padre Josimo e do Jornal Mundo Jovem. Al\u00e9m de propor um olhar cr\u00edtico sobre a utiliza\u00e7\u00e3o da \u00e1gua e da preserva\u00e7\u00e3o do meio ambiente, o filme busca pressionar \u00f3rg\u00e3os p\u00fablicos para darem mais aten\u00e7\u00e3o ao saneamento b\u00e1sico. O tema foi escolhido a partir do entendimento de que \u00e9 necess\u00e1rio fazer investimentos maiores, com uma pol\u00edtica p\u00fablica inteligente para que todos tenham acesso a esse direito e possam viver. Al\u00e9m do v\u00eddeo de 28 minutos, h\u00e1 extras que trazem entrevistas com o te\u00f3logo e escritor, Leonardo Boff e, com a urbanista e professora da USP, Raquel Rolnik.<\/p>\n<p>No evento de lan\u00e7amento da Campanha, o arcebispo de Bras\u00edlia e presidente da CNBB, dom Sergio da Rocha, ressaltou a atualidade e a urg\u00eancia do tema \u201cCasa comum, nossa responsabilidade\u201d, que tem como foco no saneamento b\u00e1sico. Ao denunciar a exposi\u00e7\u00e3o da popula\u00e7\u00e3o ao mosquito aedes aegypit, vetor dos v\u00edrus da dengue, chikungunyae e zika, dom Sergio afirmou que a \u201cfalta de saneamento b\u00e1sico destr\u00f3i a casa comum e a vida da fam\u00edlia que habita essa casa\u201d.<\/p>\n<p>Assista ao trailer do document\u00e1rio:<\/p>\n<p><iframe src=\"https:\/\/www.youtube.com\/embed\/KQ3Lqsw33Xw?rel=0&amp;controls=0\" width=\"560\" height=\"315\" frameborder=\"0\" allowfullscreen=\"allowfullscreen\"><\/iframe><\/p>\n<p>Adquira o document\u00e1rio na p\u00e1gina do Jornal Mundo Jovem: <a href=\"http:\/\/www.mundojovem.com.br\/produtos\/saneamento-basico-cuidar-do-planeta-nossa-casa\" target=\"_blank\" rel=\"noopener noreferrer\"><strong>www.mundojovem.com.br\/produtos\/saneamento-basico-cuidar-do-planeta-nossa-casa<\/strong><\/a><\/p>\n","protected":false},"excerpt":{"rendered":"<p>A Campanha da Fraternidade Ecum\u00eanica 2016 foi lan\u00e7ada no dia 10 de fevereiro pela Confer\u00eancia Nacional dos Bispos do Brasil (CNBB) e pelo Conselho Nacional de Igrejas Crist\u00e3s (Conic). Neste ano, o tema da Campanha \u00e9 \u201cCasa Comum, nossa responsabilidade\u201d. O objetivo chamar aten\u00e7\u00e3o para a quest\u00e3o do direito ao saneamento b\u00e1sico para todas as pessoas, buscando fortalecer o empenho, \u00e0 luz da f\u00e9, por pol\u00edticas p\u00fablicas e atitudes respons\u00e1veis que garantam a integridade e o futuro da Casa Comum, ou seja, do planeta Terra.<\/p>\n","protected":false},"featured_media":0,"template":"","categorias_noticias":[5,12],"class_list":["post-233","noticias","type-noticias","status-publish","hentry","categorias_noticias-meio-ambiente","categorias_noticias-multimidia"],"acf":[],"yoast_head":"<!-- This site is optimized with the Yoast SEO plugin v27.2 - https:\/\/yoast.com\/product\/yoast-seo-wordpress\/ -->\n<title>ICPJ apresenta document\u00e1rio da Campanha da Fraternidade 2016: Saneamento B\u00e1sico: Cuidar do Planeta, Nossa Casa - Instituto Cultural Padre Josimo<\/title>\n<meta name=\"robots\" content=\"index, follow, max-snippet:-1, max-image-preview:large, max-video-preview:-1\" \/>\n<link rel=\"canonical\" href=\"https:\/\/padrejosimo.com.br\/site\/noticias\/icpj-apresenta-documentario-da-campanha-da-fraternidade-2016-saneamento-basico-cuidar-do-planeta-nossa-casa\/\" \/>\n<meta property=\"og:locale\" content=\"pt_BR\" \/>\n<meta property=\"og:type\" content=\"article\" \/>\n<meta property=\"og:title\" content=\"ICPJ apresenta document\u00e1rio da Campanha da Fraternidade 2016: Saneamento B\u00e1sico: Cuidar do Planeta, Nossa Casa - Instituto Cultural Padre Josimo\" \/>\n<meta property=\"og:description\" content=\"A Campanha da Fraternidade Ecum\u00eanica 2016 foi lan\u00e7ada no dia 10 de fevereiro pela Confer\u00eancia Nacional dos Bispos do Brasil (CNBB) e pelo Conselho Nacional de Igrejas Crist\u00e3s (Conic). Neste ano, o tema da Campanha \u00e9 \u201cCasa Comum, nossa responsabilidade\u201d. O objetivo chamar aten\u00e7\u00e3o para a quest\u00e3o do direito ao saneamento b\u00e1sico para todas as pessoas, buscando fortalecer o empenho, \u00e0 luz da f\u00e9, por pol\u00edticas p\u00fablicas e atitudes respons\u00e1veis que garantam a integridade e o futuro da Casa Comum, ou seja, do planeta Terra.\" \/>\n<meta property=\"og:url\" content=\"https:\/\/padrejosimo.com.br\/site\/noticias\/icpj-apresenta-documentario-da-campanha-da-fraternidade-2016-saneamento-basico-cuidar-do-planeta-nossa-casa\/\" \/>\n<meta property=\"og:site_name\" content=\"Instituto Cultural Padre Josimo\" \/>\n<meta property=\"article:modified_time\" content=\"2017-05-05T18:15:19+00:00\" \/>\n<meta property=\"og:image\" content=\"http:\/\/www.padrejosimo.com.br\/wp-content\/uploads\/2016\/02\/capadvd2016_copia_255.jpg\" \/>\n<meta name=\"twitter:card\" content=\"summary_large_image\" \/>\n<meta name=\"twitter:label1\" content=\"Est. tempo de leitura\" \/>\n\t<meta name=\"twitter:data1\" content=\"2 minutos\" \/>\n<script type=\"application\/ld+json\" class=\"yoast-schema-graph\">{\"@context\":\"https:\/\/schema.org\",\"@graph\":[{\"@type\":\"WebPage\",\"@id\":\"https:\/\/padrejosimo.com.br\/site\/noticias\/icpj-apresenta-documentario-da-campanha-da-fraternidade-2016-saneamento-basico-cuidar-do-planeta-nossa-casa\/\",\"url\":\"https:\/\/padrejosimo.com.br\/site\/noticias\/icpj-apresenta-documentario-da-campanha-da-fraternidade-2016-saneamento-basico-cuidar-do-planeta-nossa-casa\/\",\"name\":\"ICPJ apresenta document\u00e1rio da Campanha da Fraternidade 2016: Saneamento B\u00e1sico: Cuidar do Planeta, Nossa Casa - Instituto Cultural Padre Josimo\",\"isPartOf\":{\"@id\":\"https:\/\/padrejosimo.com.br\/site\/#website\"},\"primaryImageOfPage\":{\"@id\":\"https:\/\/padrejosimo.com.br\/site\/noticias\/icpj-apresenta-documentario-da-campanha-da-fraternidade-2016-saneamento-basico-cuidar-do-planeta-nossa-casa\/#primaryimage\"},\"image\":{\"@id\":\"https:\/\/padrejosimo.com.br\/site\/noticias\/icpj-apresenta-documentario-da-campanha-da-fraternidade-2016-saneamento-basico-cuidar-do-planeta-nossa-casa\/#primaryimage\"},\"thumbnailUrl\":\"http:\/\/www.padrejosimo.com.br\/wp-content\/uploads\/2016\/02\/capadvd2016_copia_255.jpg\",\"datePublished\":\"2016-02-11T17:13:17+00:00\",\"dateModified\":\"2017-05-05T18:15:19+00:00\",\"breadcrumb\":{\"@id\":\"https:\/\/padrejosimo.com.br\/site\/noticias\/icpj-apresenta-documentario-da-campanha-da-fraternidade-2016-saneamento-basico-cuidar-do-planeta-nossa-casa\/#breadcrumb\"},\"inLanguage\":\"pt-BR\",\"potentialAction\":[{\"@type\":\"ReadAction\",\"target\":[\"https:\/\/padrejosimo.com.br\/site\/noticias\/icpj-apresenta-documentario-da-campanha-da-fraternidade-2016-saneamento-basico-cuidar-do-planeta-nossa-casa\/\"]}]},{\"@type\":\"ImageObject\",\"inLanguage\":\"pt-BR\",\"@id\":\"https:\/\/padrejosimo.com.br\/site\/noticias\/icpj-apresenta-documentario-da-campanha-da-fraternidade-2016-saneamento-basico-cuidar-do-planeta-nossa-casa\/#primaryimage\",\"url\":\"http:\/\/www.padrejosimo.com.br\/wp-content\/uploads\/2016\/02\/capadvd2016_copia_255.jpg\",\"contentUrl\":\"http:\/\/www.padrejosimo.com.br\/wp-content\/uploads\/2016\/02\/capadvd2016_copia_255.jpg\"},{\"@type\":\"BreadcrumbList\",\"@id\":\"https:\/\/padrejosimo.com.br\/site\/noticias\/icpj-apresenta-documentario-da-campanha-da-fraternidade-2016-saneamento-basico-cuidar-do-planeta-nossa-casa\/#breadcrumb\",\"itemListElement\":[{\"@type\":\"ListItem\",\"position\":1,\"name\":\"In\u00edcio\",\"item\":\"https:\/\/padrejosimo.com.br\/site\/\"},{\"@type\":\"ListItem\",\"position\":2,\"name\":\"Not\u00edcias\",\"item\":\"https:\/\/padrejosimo.com.br\/site\/noticias\/\"},{\"@type\":\"ListItem\",\"position\":3,\"name\":\"ICPJ apresenta document\u00e1rio da Campanha da Fraternidade 2016: Saneamento B\u00e1sico: Cuidar do Planeta, Nossa Casa\"}]},{\"@type\":\"WebSite\",\"@id\":\"https:\/\/padrejosimo.com.br\/site\/#website\",\"url\":\"https:\/\/padrejosimo.com.br\/site\/\",\"name\":\"Instituto Cultural Padre Josimo\",\"description\":\"Comprometida com a promo\u00e7\u00e3o da justi\u00e7a social, agroecologia e educa\u00e7\u00e3o popular\",\"publisher\":{\"@id\":\"https:\/\/padrejosimo.com.br\/site\/#organization\"},\"alternateName\":\"ICPJ\",\"potentialAction\":[{\"@type\":\"SearchAction\",\"target\":{\"@type\":\"EntryPoint\",\"urlTemplate\":\"https:\/\/padrejosimo.com.br\/site\/?s={search_term_string}\"},\"query-input\":{\"@type\":\"PropertyValueSpecification\",\"valueRequired\":true,\"valueName\":\"search_term_string\"}}],\"inLanguage\":\"pt-BR\"},{\"@type\":\"Organization\",\"@id\":\"https:\/\/padrejosimo.com.br\/site\/#organization\",\"name\":\"Instituto Cultural Padre Josimo\",\"alternateName\":\"ICPJ\",\"url\":\"https:\/\/padrejosimo.com.br\/site\/\",\"logo\":{\"@type\":\"ImageObject\",\"inLanguage\":\"pt-BR\",\"@id\":\"https:\/\/padrejosimo.com.br\/site\/#\/schema\/logo\/image\/\",\"url\":\"https:\/\/padrejosimo.com.br\/site\/wp-content\/uploads\/2025\/09\/cropped-icon-icpj.png\",\"contentUrl\":\"https:\/\/padrejosimo.com.br\/site\/wp-content\/uploads\/2025\/09\/cropped-icon-icpj.png\",\"width\":512,\"height\":512,\"caption\":\"Instituto Cultural Padre Josimo\"},\"image\":{\"@id\":\"https:\/\/padrejosimo.com.br\/site\/#\/schema\/logo\/image\/\"}}]}<\/script>\n<!-- \/ Yoast SEO plugin. -->","yoast_head_json":{"title":"ICPJ apresenta document\u00e1rio da Campanha da Fraternidade 2016: Saneamento B\u00e1sico: Cuidar do Planeta, Nossa Casa - Instituto Cultural Padre Josimo","robots":{"index":"index","follow":"follow","max-snippet":"max-snippet:-1","max-image-preview":"max-image-preview:large","max-video-preview":"max-video-preview:-1"},"canonical":"https:\/\/padrejosimo.com.br\/site\/noticias\/icpj-apresenta-documentario-da-campanha-da-fraternidade-2016-saneamento-basico-cuidar-do-planeta-nossa-casa\/","og_locale":"pt_BR","og_type":"article","og_title":"ICPJ apresenta document\u00e1rio da Campanha da Fraternidade 2016: Saneamento B\u00e1sico: Cuidar do Planeta, Nossa Casa - Instituto Cultural Padre Josimo","og_description":"A Campanha da Fraternidade Ecum\u00eanica 2016 foi lan\u00e7ada no dia 10 de fevereiro pela Confer\u00eancia Nacional dos Bispos do Brasil (CNBB) e pelo Conselho Nacional de Igrejas Crist\u00e3s (Conic). Neste ano, o tema da Campanha \u00e9 \u201cCasa Comum, nossa responsabilidade\u201d. O objetivo chamar aten\u00e7\u00e3o para a quest\u00e3o do direito ao saneamento b\u00e1sico para todas as pessoas, buscando fortalecer o empenho, \u00e0 luz da f\u00e9, por pol\u00edticas p\u00fablicas e atitudes respons\u00e1veis que garantam a integridade e o futuro da Casa Comum, ou seja, do planeta Terra.","og_url":"https:\/\/padrejosimo.com.br\/site\/noticias\/icpj-apresenta-documentario-da-campanha-da-fraternidade-2016-saneamento-basico-cuidar-do-planeta-nossa-casa\/","og_site_name":"Instituto Cultural Padre Josimo","article_modified_time":"2017-05-05T18:15:19+00:00","og_image":[{"url":"http:\/\/www.padrejosimo.com.br\/wp-content\/uploads\/2016\/02\/capadvd2016_copia_255.jpg","type":"","width":"","height":""}],"twitter_card":"summary_large_image","twitter_misc":{"Est. tempo de leitura":"2 minutos"},"schema":{"@context":"https:\/\/schema.org","@graph":[{"@type":"WebPage","@id":"https:\/\/padrejosimo.com.br\/site\/noticias\/icpj-apresenta-documentario-da-campanha-da-fraternidade-2016-saneamento-basico-cuidar-do-planeta-nossa-casa\/","url":"https:\/\/padrejosimo.com.br\/site\/noticias\/icpj-apresenta-documentario-da-campanha-da-fraternidade-2016-saneamento-basico-cuidar-do-planeta-nossa-casa\/","name":"ICPJ apresenta document\u00e1rio da Campanha da Fraternidade 2016: Saneamento B\u00e1sico: Cuidar do Planeta, Nossa Casa - Instituto Cultural Padre Josimo","isPartOf":{"@id":"https:\/\/padrejosimo.com.br\/site\/#website"},"primaryImageOfPage":{"@id":"https:\/\/padrejosimo.com.br\/site\/noticias\/icpj-apresenta-documentario-da-campanha-da-fraternidade-2016-saneamento-basico-cuidar-do-planeta-nossa-casa\/#primaryimage"},"image":{"@id":"https:\/\/padrejosimo.com.br\/site\/noticias\/icpj-apresenta-documentario-da-campanha-da-fraternidade-2016-saneamento-basico-cuidar-do-planeta-nossa-casa\/#primaryimage"},"thumbnailUrl":"http:\/\/www.padrejosimo.com.br\/wp-content\/uploads\/2016\/02\/capadvd2016_copia_255.jpg","datePublished":"2016-02-11T17:13:17+00:00","dateModified":"2017-05-05T18:15:19+00:00","breadcrumb":{"@id":"https:\/\/padrejosimo.com.br\/site\/noticias\/icpj-apresenta-documentario-da-campanha-da-fraternidade-2016-saneamento-basico-cuidar-do-planeta-nossa-casa\/#breadcrumb"},"inLanguage":"pt-BR","potentialAction":[{"@type":"ReadAction","target":["https:\/\/padrejosimo.com.br\/site\/noticias\/icpj-apresenta-documentario-da-campanha-da-fraternidade-2016-saneamento-basico-cuidar-do-planeta-nossa-casa\/"]}]},{"@type":"ImageObject","inLanguage":"pt-BR","@id":"https:\/\/padrejosimo.com.br\/site\/noticias\/icpj-apresenta-documentario-da-campanha-da-fraternidade-2016-saneamento-basico-cuidar-do-planeta-nossa-casa\/#primaryimage","url":"http:\/\/www.padrejosimo.com.br\/wp-content\/uploads\/2016\/02\/capadvd2016_copia_255.jpg","contentUrl":"http:\/\/www.padrejosimo.com.br\/wp-content\/uploads\/2016\/02\/capadvd2016_copia_255.jpg"},{"@type":"BreadcrumbList","@id":"https:\/\/padrejosimo.com.br\/site\/noticias\/icpj-apresenta-documentario-da-campanha-da-fraternidade-2016-saneamento-basico-cuidar-do-planeta-nossa-casa\/#breadcrumb","itemListElement":[{"@type":"ListItem","position":1,"name":"In\u00edcio","item":"https:\/\/padrejosimo.com.br\/site\/"},{"@type":"ListItem","position":2,"name":"Not\u00edcias","item":"https:\/\/padrejosimo.com.br\/site\/noticias\/"},{"@type":"ListItem","position":3,"name":"ICPJ apresenta document\u00e1rio da Campanha da Fraternidade 2016: Saneamento B\u00e1sico: Cuidar do Planeta, Nossa Casa"}]},{"@type":"WebSite","@id":"https:\/\/padrejosimo.com.br\/site\/#website","url":"https:\/\/padrejosimo.com.br\/site\/","name":"Instituto Cultural Padre Josimo","description":"Comprometida com a promo\u00e7\u00e3o da justi\u00e7a social, agroecologia e educa\u00e7\u00e3o popular","publisher":{"@id":"https:\/\/padrejosimo.com.br\/site\/#organization"},"alternateName":"ICPJ","potentialAction":[{"@type":"SearchAction","target":{"@type":"EntryPoint","urlTemplate":"https:\/\/padrejosimo.com.br\/site\/?s={search_term_string}"},"query-input":{"@type":"PropertyValueSpecification","valueRequired":true,"valueName":"search_term_string"}}],"inLanguage":"pt-BR"},{"@type":"Organization","@id":"https:\/\/padrejosimo.com.br\/site\/#organization","name":"Instituto Cultural Padre Josimo","alternateName":"ICPJ","url":"https:\/\/padrejosimo.com.br\/site\/","logo":{"@type":"ImageObject","inLanguage":"pt-BR","@id":"https:\/\/padrejosimo.com.br\/site\/#\/schema\/logo\/image\/","url":"https:\/\/padrejosimo.com.br\/site\/wp-content\/uploads\/2025\/09\/cropped-icon-icpj.png","contentUrl":"https:\/\/padrejosimo.com.br\/site\/wp-content\/uploads\/2025\/09\/cropped-icon-icpj.png","width":512,"height":512,"caption":"Instituto Cultural Padre Josimo"},"image":{"@id":"https:\/\/padrejosimo.com.br\/site\/#\/schema\/logo\/image\/"}}]}},"_links":{"self":[{"href":"https:\/\/padrejosimo.com.br\/site\/wp-json\/wp\/v2\/noticias\/233","targetHints":{"allow":["GET"]}}],"collection":[{"href":"https:\/\/padrejosimo.com.br\/site\/wp-json\/wp\/v2\/noticias"}],"about":[{"href":"https:\/\/padrejosimo.com.br\/site\/wp-json\/wp\/v2\/types\/noticias"}],"wp:attachment":[{"href":"https:\/\/padrejosimo.com.br\/site\/wp-json\/wp\/v2\/media?parent=233"}],"wp:term":[{"taxonomy":"categorias_noticias","embeddable":true,"href":"https:\/\/padrejosimo.com.br\/site\/wp-json\/wp\/v2\/categorias_noticias?post=233"}],"curies":[{"name":"wp","href":"https:\/\/api.w.org\/{rel}","templated":true}]}}