{"id":232,"date":"2016-04-20T15:10:25","date_gmt":"2016-04-20T18:10:25","guid":{"rendered":"http:\/\/bagual.com.br\/site\/?post_type=noticias&#038;p=232"},"modified":"2017-05-05T15:13:12","modified_gmt":"2017-05-05T18:13:12","slug":"o-brado-do-mpa-a-luta-continua","status":"publish","type":"noticias","link":"https:\/\/padrejosimo.com.br\/site\/noticias\/o-brado-do-mpa-a-luta-continua\/","title":{"rendered":"O brado do MPA: A luta continua"},"content":{"rendered":"<p>O MPA &#8211; Movimento dos Pequenos Agricultores participou ativamente dessa primeira fase da luta pela democracia e contra o golpe. Golpe, porque \u00e9 contra a constitui\u00e7\u00e3o e contra a democracia, duramente constru\u00edda no Brasil. Golpe porque \u00e9 contra os pobres, e um poss\u00edvel governo: Temer e Cunha, j\u00e1 afirmaram claramente que v\u00e3o cortar verba da sa\u00fade, educa\u00e7\u00e3o e programas sociais, o que significa tirar os pobres do or\u00e7amento federal.<\/p>\n<p><center><img fetchpriority=\"high\" decoding=\"async\" class=\"aligncenter size-full wp-image-1932\" src=\"http:\/\/www.padrejosimo.com.br\/wp-content\/uploads\/2016\/04\/leandro_taques.jpeg\" alt=\"leandro_taques\" width=\"400\" height=\"267\" \/><\/center><\/p>\n<p>Golpe contra os camponeses, v\u00e3o destruir o PAA e nem se quer o Minist\u00e9rio de Desenvolvimento Agr\u00e1rio &#8211; MDA poder\u00e1 permanecer. O povo e seus movimentos sociais e sindicais sofreram a primeira derrota na C\u00e2mara dos Deputados numa vota\u00e7\u00e3o vergonhosa, onde deputados sem compromisso, sem no\u00e7\u00e3o e sem vergonha na cara mostram para todo Brasil, a fal\u00eancia desse sistema politico que elege esse tipo de representa\u00e7\u00e3o. O povo Brasileiro sentiu nojo vendo corruptos conhecidos gritando contra a corrup\u00e7\u00e3o e citando o nome de Deus em v\u00e3o. Diante disso o brado do MPA \u00e9: A Luta Continua! Luta por democracia, por um programa campon\u00eas, por reforma agr\u00e1ria, em defesa do Pr\u00e9-Sal e da Petrobras, para n\u00e3o entregar nossas riquezas as multinacionais, por uma reforma politica profunda que cria as condi\u00e7\u00f5es para uma verdadeira representa\u00e7\u00e3o do povo nos espa\u00e7os de poder.<\/p>\n<p>Os movimentos populares e sindicais nas ruas demonstraram enorme for\u00e7a, continua em crescimento e a nossa tarefa \u00e9 continuar informando o povo atrav\u00e9s de todos os meios que temos a disposi\u00e7\u00e3o, do que significa para o povo brasileiro o golpe que esta em andamento e desenvolver a\u00e7\u00f5es de luta. O golpe pode ser revertido no Senado, mas vai depender das for\u00e7as das ruas. O golpe tamb\u00e9m pode ser revertido em novas elei\u00e7\u00f5es gerais e assembleia para nova constituinte.<\/p>\n<p>O MPA est\u00e1 junto com a Frente Brasil Popular num processo de luta permanente que dever\u00e1 ser longo e que aponta para transforma\u00e7\u00f5es profundas na sociedade.<\/p>\n<p>Dire\u00e7\u00e3o Nacional do MPA.<\/p>\n<p><em>\u201cNenhum passo atr\u00e1s<br \/>\n Com firmeza seguiremos<br \/>\n Por nenhum direito a menos<br \/>\n Ditadura nunca mais.<br \/>\n Nem fuzil, nem gerais<br \/>\n Nem juiz ou capit\u00e3o<br \/>\n Jamais subverter\u00e3o<br \/>\n A nossa democracia<br \/>\n Abaixo a demagogia<br \/>\n Golpistas n\u00e3o passar\u00e3o\u201d.<br \/>\n Neudo Oliveira<\/em><\/p>\n<p>(Foto: Leandro Taques)<\/p>\n","protected":false},"excerpt":{"rendered":"<p>Movimento dos Pequenos Agricultores participou ativamente dessa primeira fase da luta pela democracia e contra o golpe. Golpe, porque \u00e9 contra a constitui\u00e7\u00e3o e contra a democracia, duramente constru\u00edda no Brasil. Golpe porque \u00e9 contra os pobres, e um poss\u00edvel governo: Temer e Cunha, j\u00e1 afirmaram claramente que v\u00e3o cortar verba da sa\u00fade, educa\u00e7\u00e3o e programas sociais, o que significa tirar os pobres do or\u00e7amento federal.<\/p>\n","protected":false},"featured_media":0,"template":"","categorias_noticias":[13],"class_list":["post-232","noticias","type-noticias","status-publish","hentry","categorias_noticias-noticias"],"acf":[],"yoast_head":"<!-- This site is optimized with the Yoast SEO plugin v27.2 - https:\/\/yoast.com\/product\/yoast-seo-wordpress\/ -->\n<title>O brado do MPA: A luta continua - Instituto Cultural Padre Josimo<\/title>\n<meta name=\"robots\" content=\"index, follow, max-snippet:-1, max-image-preview:large, max-video-preview:-1\" \/>\n<link rel=\"canonical\" href=\"https:\/\/padrejosimo.com.br\/site\/noticias\/o-brado-do-mpa-a-luta-continua\/\" \/>\n<meta property=\"og:locale\" content=\"pt_BR\" \/>\n<meta property=\"og:type\" content=\"article\" \/>\n<meta property=\"og:title\" content=\"O brado do MPA: A luta continua - Instituto Cultural Padre Josimo\" \/>\n<meta property=\"og:description\" content=\"Movimento dos Pequenos Agricultores participou ativamente dessa primeira fase da luta pela democracia e contra o golpe. Golpe, porque \u00e9 contra a constitui\u00e7\u00e3o e contra a democracia, duramente constru\u00edda no Brasil. Golpe porque \u00e9 contra os pobres, e um poss\u00edvel governo: Temer e Cunha, j\u00e1 afirmaram claramente que v\u00e3o cortar verba da sa\u00fade, educa\u00e7\u00e3o e programas sociais, o que significa tirar os pobres do or\u00e7amento federal.\" \/>\n<meta property=\"og:url\" content=\"https:\/\/padrejosimo.com.br\/site\/noticias\/o-brado-do-mpa-a-luta-continua\/\" \/>\n<meta property=\"og:site_name\" content=\"Instituto Cultural Padre Josimo\" \/>\n<meta property=\"article:modified_time\" content=\"2017-05-05T18:13:12+00:00\" \/>\n<meta property=\"og:image\" content=\"http:\/\/www.padrejosimo.com.br\/wp-content\/uploads\/2016\/04\/leandro_taques.jpeg\" \/>\n<meta name=\"twitter:card\" content=\"summary_large_image\" \/>\n<meta name=\"twitter:label1\" content=\"Est. tempo de leitura\" \/>\n\t<meta name=\"twitter:data1\" content=\"2 minutos\" \/>\n<script type=\"application\/ld+json\" class=\"yoast-schema-graph\">{\"@context\":\"https:\/\/schema.org\",\"@graph\":[{\"@type\":\"WebPage\",\"@id\":\"https:\/\/padrejosimo.com.br\/site\/noticias\/o-brado-do-mpa-a-luta-continua\/\",\"url\":\"https:\/\/padrejosimo.com.br\/site\/noticias\/o-brado-do-mpa-a-luta-continua\/\",\"name\":\"O brado do MPA: A luta continua - Instituto Cultural Padre Josimo\",\"isPartOf\":{\"@id\":\"https:\/\/padrejosimo.com.br\/site\/#website\"},\"primaryImageOfPage\":{\"@id\":\"https:\/\/padrejosimo.com.br\/site\/noticias\/o-brado-do-mpa-a-luta-continua\/#primaryimage\"},\"image\":{\"@id\":\"https:\/\/padrejosimo.com.br\/site\/noticias\/o-brado-do-mpa-a-luta-continua\/#primaryimage\"},\"thumbnailUrl\":\"http:\/\/www.padrejosimo.com.br\/wp-content\/uploads\/2016\/04\/leandro_taques.jpeg\",\"datePublished\":\"2016-04-20T18:10:25+00:00\",\"dateModified\":\"2017-05-05T18:13:12+00:00\",\"breadcrumb\":{\"@id\":\"https:\/\/padrejosimo.com.br\/site\/noticias\/o-brado-do-mpa-a-luta-continua\/#breadcrumb\"},\"inLanguage\":\"pt-BR\",\"potentialAction\":[{\"@type\":\"ReadAction\",\"target\":[\"https:\/\/padrejosimo.com.br\/site\/noticias\/o-brado-do-mpa-a-luta-continua\/\"]}]},{\"@type\":\"ImageObject\",\"inLanguage\":\"pt-BR\",\"@id\":\"https:\/\/padrejosimo.com.br\/site\/noticias\/o-brado-do-mpa-a-luta-continua\/#primaryimage\",\"url\":\"http:\/\/www.padrejosimo.com.br\/wp-content\/uploads\/2016\/04\/leandro_taques.jpeg\",\"contentUrl\":\"http:\/\/www.padrejosimo.com.br\/wp-content\/uploads\/2016\/04\/leandro_taques.jpeg\"},{\"@type\":\"BreadcrumbList\",\"@id\":\"https:\/\/padrejosimo.com.br\/site\/noticias\/o-brado-do-mpa-a-luta-continua\/#breadcrumb\",\"itemListElement\":[{\"@type\":\"ListItem\",\"position\":1,\"name\":\"In\u00edcio\",\"item\":\"https:\/\/padrejosimo.com.br\/site\/\"},{\"@type\":\"ListItem\",\"position\":2,\"name\":\"Not\u00edcias\",\"item\":\"https:\/\/padrejosimo.com.br\/site\/noticias\/\"},{\"@type\":\"ListItem\",\"position\":3,\"name\":\"O brado do MPA: A luta continua\"}]},{\"@type\":\"WebSite\",\"@id\":\"https:\/\/padrejosimo.com.br\/site\/#website\",\"url\":\"https:\/\/padrejosimo.com.br\/site\/\",\"name\":\"Instituto Cultural Padre Josimo\",\"description\":\"Comprometida com a promo\u00e7\u00e3o da justi\u00e7a social, agroecologia e educa\u00e7\u00e3o popular\",\"publisher\":{\"@id\":\"https:\/\/padrejosimo.com.br\/site\/#organization\"},\"alternateName\":\"ICPJ\",\"potentialAction\":[{\"@type\":\"SearchAction\",\"target\":{\"@type\":\"EntryPoint\",\"urlTemplate\":\"https:\/\/padrejosimo.com.br\/site\/?s={search_term_string}\"},\"query-input\":{\"@type\":\"PropertyValueSpecification\",\"valueRequired\":true,\"valueName\":\"search_term_string\"}}],\"inLanguage\":\"pt-BR\"},{\"@type\":\"Organization\",\"@id\":\"https:\/\/padrejosimo.com.br\/site\/#organization\",\"name\":\"Instituto Cultural Padre Josimo\",\"alternateName\":\"ICPJ\",\"url\":\"https:\/\/padrejosimo.com.br\/site\/\",\"logo\":{\"@type\":\"ImageObject\",\"inLanguage\":\"pt-BR\",\"@id\":\"https:\/\/padrejosimo.com.br\/site\/#\/schema\/logo\/image\/\",\"url\":\"https:\/\/padrejosimo.com.br\/site\/wp-content\/uploads\/2025\/09\/cropped-icon-icpj.png\",\"contentUrl\":\"https:\/\/padrejosimo.com.br\/site\/wp-content\/uploads\/2025\/09\/cropped-icon-icpj.png\",\"width\":512,\"height\":512,\"caption\":\"Instituto Cultural Padre Josimo\"},\"image\":{\"@id\":\"https:\/\/padrejosimo.com.br\/site\/#\/schema\/logo\/image\/\"}}]}<\/script>\n<!-- \/ Yoast SEO plugin. -->","yoast_head_json":{"title":"O brado do MPA: A luta continua - Instituto Cultural Padre Josimo","robots":{"index":"index","follow":"follow","max-snippet":"max-snippet:-1","max-image-preview":"max-image-preview:large","max-video-preview":"max-video-preview:-1"},"canonical":"https:\/\/padrejosimo.com.br\/site\/noticias\/o-brado-do-mpa-a-luta-continua\/","og_locale":"pt_BR","og_type":"article","og_title":"O brado do MPA: A luta continua - Instituto Cultural Padre Josimo","og_description":"Movimento dos Pequenos Agricultores participou ativamente dessa primeira fase da luta pela democracia e contra o golpe. Golpe, porque \u00e9 contra a constitui\u00e7\u00e3o e contra a democracia, duramente constru\u00edda no Brasil. Golpe porque \u00e9 contra os pobres, e um poss\u00edvel governo: Temer e Cunha, j\u00e1 afirmaram claramente que v\u00e3o cortar verba da sa\u00fade, educa\u00e7\u00e3o e programas sociais, o que significa tirar os pobres do or\u00e7amento federal.","og_url":"https:\/\/padrejosimo.com.br\/site\/noticias\/o-brado-do-mpa-a-luta-continua\/","og_site_name":"Instituto Cultural Padre Josimo","article_modified_time":"2017-05-05T18:13:12+00:00","og_image":[{"url":"http:\/\/www.padrejosimo.com.br\/wp-content\/uploads\/2016\/04\/leandro_taques.jpeg","type":"","width":"","height":""}],"twitter_card":"summary_large_image","twitter_misc":{"Est. tempo de leitura":"2 minutos"},"schema":{"@context":"https:\/\/schema.org","@graph":[{"@type":"WebPage","@id":"https:\/\/padrejosimo.com.br\/site\/noticias\/o-brado-do-mpa-a-luta-continua\/","url":"https:\/\/padrejosimo.com.br\/site\/noticias\/o-brado-do-mpa-a-luta-continua\/","name":"O brado do MPA: A luta continua - Instituto Cultural Padre Josimo","isPartOf":{"@id":"https:\/\/padrejosimo.com.br\/site\/#website"},"primaryImageOfPage":{"@id":"https:\/\/padrejosimo.com.br\/site\/noticias\/o-brado-do-mpa-a-luta-continua\/#primaryimage"},"image":{"@id":"https:\/\/padrejosimo.com.br\/site\/noticias\/o-brado-do-mpa-a-luta-continua\/#primaryimage"},"thumbnailUrl":"http:\/\/www.padrejosimo.com.br\/wp-content\/uploads\/2016\/04\/leandro_taques.jpeg","datePublished":"2016-04-20T18:10:25+00:00","dateModified":"2017-05-05T18:13:12+00:00","breadcrumb":{"@id":"https:\/\/padrejosimo.com.br\/site\/noticias\/o-brado-do-mpa-a-luta-continua\/#breadcrumb"},"inLanguage":"pt-BR","potentialAction":[{"@type":"ReadAction","target":["https:\/\/padrejosimo.com.br\/site\/noticias\/o-brado-do-mpa-a-luta-continua\/"]}]},{"@type":"ImageObject","inLanguage":"pt-BR","@id":"https:\/\/padrejosimo.com.br\/site\/noticias\/o-brado-do-mpa-a-luta-continua\/#primaryimage","url":"http:\/\/www.padrejosimo.com.br\/wp-content\/uploads\/2016\/04\/leandro_taques.jpeg","contentUrl":"http:\/\/www.padrejosimo.com.br\/wp-content\/uploads\/2016\/04\/leandro_taques.jpeg"},{"@type":"BreadcrumbList","@id":"https:\/\/padrejosimo.com.br\/site\/noticias\/o-brado-do-mpa-a-luta-continua\/#breadcrumb","itemListElement":[{"@type":"ListItem","position":1,"name":"In\u00edcio","item":"https:\/\/padrejosimo.com.br\/site\/"},{"@type":"ListItem","position":2,"name":"Not\u00edcias","item":"https:\/\/padrejosimo.com.br\/site\/noticias\/"},{"@type":"ListItem","position":3,"name":"O brado do MPA: A luta continua"}]},{"@type":"WebSite","@id":"https:\/\/padrejosimo.com.br\/site\/#website","url":"https:\/\/padrejosimo.com.br\/site\/","name":"Instituto Cultural Padre Josimo","description":"Comprometida com a promo\u00e7\u00e3o da justi\u00e7a social, agroecologia e educa\u00e7\u00e3o popular","publisher":{"@id":"https:\/\/padrejosimo.com.br\/site\/#organization"},"alternateName":"ICPJ","potentialAction":[{"@type":"SearchAction","target":{"@type":"EntryPoint","urlTemplate":"https:\/\/padrejosimo.com.br\/site\/?s={search_term_string}"},"query-input":{"@type":"PropertyValueSpecification","valueRequired":true,"valueName":"search_term_string"}}],"inLanguage":"pt-BR"},{"@type":"Organization","@id":"https:\/\/padrejosimo.com.br\/site\/#organization","name":"Instituto Cultural Padre Josimo","alternateName":"ICPJ","url":"https:\/\/padrejosimo.com.br\/site\/","logo":{"@type":"ImageObject","inLanguage":"pt-BR","@id":"https:\/\/padrejosimo.com.br\/site\/#\/schema\/logo\/image\/","url":"https:\/\/padrejosimo.com.br\/site\/wp-content\/uploads\/2025\/09\/cropped-icon-icpj.png","contentUrl":"https:\/\/padrejosimo.com.br\/site\/wp-content\/uploads\/2025\/09\/cropped-icon-icpj.png","width":512,"height":512,"caption":"Instituto Cultural Padre Josimo"},"image":{"@id":"https:\/\/padrejosimo.com.br\/site\/#\/schema\/logo\/image\/"}}]}},"_links":{"self":[{"href":"https:\/\/padrejosimo.com.br\/site\/wp-json\/wp\/v2\/noticias\/232","targetHints":{"allow":["GET"]}}],"collection":[{"href":"https:\/\/padrejosimo.com.br\/site\/wp-json\/wp\/v2\/noticias"}],"about":[{"href":"https:\/\/padrejosimo.com.br\/site\/wp-json\/wp\/v2\/types\/noticias"}],"wp:attachment":[{"href":"https:\/\/padrejosimo.com.br\/site\/wp-json\/wp\/v2\/media?parent=232"}],"wp:term":[{"taxonomy":"categorias_noticias","embeddable":true,"href":"https:\/\/padrejosimo.com.br\/site\/wp-json\/wp\/v2\/categorias_noticias?post=232"}],"curies":[{"name":"wp","href":"https:\/\/api.w.org\/{rel}","templated":true}]}}