{"id":231,"date":"2016-05-18T15:04:23","date_gmt":"2016-05-18T18:04:23","guid":{"rendered":"http:\/\/bagual.com.br\/site\/?post_type=noticias&#038;p=231"},"modified":"2017-05-08T15:44:41","modified_gmt":"2017-05-08T18:44:41","slug":"icpj-vai-a-tocantins-para-lancar-documentario-sobre-vida-e-luta-de-padre-josimo","status":"publish","type":"noticias","link":"https:\/\/padrejosimo.com.br\/site\/noticias\/icpj-vai-a-tocantins-para-lancar-documentario-sobre-vida-e-luta-de-padre-josimo\/","title":{"rendered":"ICPJ vai a Tocantins para lan\u00e7ar document\u00e1rio sobre vida e luta de Padre Josimo"},"content":{"rendered":"<p><img fetchpriority=\"high\" decoding=\"async\" class=\"size-full wp-image-1958 alignleft\" src=\"http:\/\/www.padrejosimo.com.br\/wp-content\/uploads\/2016\/05\/josimo_01_p.jpg\" alt=\"josimo_01_p\" width=\"236\" height=\"300\" \/>A hist\u00f3ria de vida e luta do Padre Josimo virou filme no document\u00e1rio \u201cJosimo &#8211; O Padre negro de sand\u00e1lias surradas\u201d, realizado pelo Instituto Cultural Padre Josimo em parceria com a C\u00e1ritas Brasil. O audiovisual foi lan\u00e7ado nas celebra\u00e7\u00f5es da Semana Social da Terra e das \u00c1guas Padre Josimo. Realizado entre os dias 9 e 15 de maio na regi\u00e3o do Bico do Papagaio, Norte do Tocantins, o evento relembrou os 30 anos do assassinato do padre, morto em 1986 por pistoleiros, a mando de fazendeiros da regi\u00e3o.<\/p>\n<p>Diversas atividades foram realizadas em mem\u00f3ria \u00e0 luta de Padre Josimo junto aos povos da terra e das \u00e1guas, entre as quais estiveram as exibi\u00e7\u00f5es do document\u00e1rio para a comunidade. Jovens que participaram do II Acampamento da Juventude Romeira e tamb\u00e9m religiosos da comunidade onde Josimo viveu, em Buriti do Tocantins, participaram das sess\u00f5es de lan\u00e7amento.<\/p>\n<p>Padre Josimo est\u00e1 vivo e presente no cora\u00e7\u00e3o e na mente de milhares de pessoas que lutam para que a terra seja libertada das garras do latif\u00fandio e partilhada com as fam\u00edlias camponesas que dela precisam para seu e nosso sustento. Isso fica claro nas palavras do bispo de Tocantin\u00f3polis, \u200eGiovane Melo, que durante o lan\u00e7amento declarou que \u201cestamos aqui porque acreditamos na luta, acreditamos na vida, acreditamos na causa do padre Josimo. Josimo n\u00e3o \u00e9 s\u00f3 um nome, Josimo \u00e9 uma causa\u201d.<\/p>\n<p>&nbsp;<\/p>\n<p style=\"text-align: center;\"><strong>Sinopse do filme \u201cJosimo &#8211; O Padre negro de sand\u00e1lias surradas\u201d<\/strong><br \/>\n <img decoding=\"async\" class=\"aligncenter wp-image-1960 size-full\" src=\"http:\/\/www.padrejosimo.com.br\/wp-content\/uploads\/2016\/05\/josimo_02.jpg\" alt=\"josimo_02\" width=\"500\" height=\"456\" \/><\/p>\n<p style=\"text-align: center;\">\u00a0<\/p>\n<p style=\"text-align: center;\"><strong>Confira fotos do lan\u00e7amento na Semana Social da Terra e das \u00c1guas Padre Josimo de 2016:<\/strong><\/p>\n<p><figure id=\"attachment_1963\" aria-describedby=\"caption-attachment-1963\" style=\"width: 540px\" class=\"wp-caption aligncenter\"><img decoding=\"async\" class=\"wp-image-1963 size-full\" src=\"http:\/\/www.padrejosimo.com.br\/wp-content\/uploads\/2016\/05\/docjosimo01.jpg\" alt=\"Caminhada nas ruas lembrou legado de luta de religiosos \" width=\"540\" height=\"324\" \/><figcaption id=\"caption-attachment-1963\" class=\"wp-caption-text\">Caminhada nas ruas lembrou legado de luta de religiosos<\/figcaption><\/figure> <figure id=\"attachment_1964\" aria-describedby=\"caption-attachment-1964\" style=\"width: 540px\" class=\"wp-caption aligncenter\"><img loading=\"lazy\" decoding=\"async\" class=\"wp-image-1964 size-full\" src=\"http:\/\/www.padrejosimo.com.br\/wp-content\/uploads\/2016\/05\/docjosimo02.jpg\" alt=\"II Acampamento da Juventude Romeira\" width=\"540\" height=\"324\" \/><figcaption id=\"caption-attachment-1964\" class=\"wp-caption-text\">II Acampamento da Juventude Romeira<\/figcaption><\/figure> <figure id=\"attachment_1968\" aria-describedby=\"caption-attachment-1968\" style=\"width: 540px\" class=\"wp-caption aligncenter\"><img loading=\"lazy\" decoding=\"async\" class=\"wp-image-1968 size-full\" src=\"http:\/\/www.padrejosimo.com.br\/wp-content\/uploads\/2016\/05\/docjosimo06.jpg\" alt=\"II Acampamento da Juventude Romeira \" width=\"540\" height=\"324\" \/><figcaption id=\"caption-attachment-1968\" class=\"wp-caption-text\">II Acampamento da Juventude Romeira<\/figcaption><\/figure> <figure id=\"attachment_1967\" aria-describedby=\"caption-attachment-1967\" style=\"width: 540px\" class=\"wp-caption aligncenter\"><img loading=\"lazy\" decoding=\"async\" class=\"wp-image-1967 size-full\" src=\"http:\/\/www.padrejosimo.com.br\/wp-content\/uploads\/2016\/05\/docjosimo05.jpg\" alt=\"Jovens junto da m\u00e3e do padre Josimo, a dona Olinda\" width=\"540\" height=\"324\" \/><figcaption id=\"caption-attachment-1967\" class=\"wp-caption-text\">Jovens junto da m\u00e3e do padre Josimo, a dona Olinda<\/figcaption><\/figure> <figure id=\"attachment_1965\" aria-describedby=\"caption-attachment-1965\" style=\"width: 324px\" class=\"wp-caption aligncenter\"><img loading=\"lazy\" decoding=\"async\" class=\"wp-image-1965 size-full\" src=\"http:\/\/www.padrejosimo.com.br\/wp-content\/uploads\/2016\/05\/docjosimo03.jpg\" alt=\"M\u00e3e de Josimo ao centro recebendo c\u00f3pia do DVD do bispo de Tocantin\u00f3polis, Dom Giovani Melo\" width=\"324\" height=\"540\" \/><figcaption id=\"caption-attachment-1965\" class=\"wp-caption-text\">M\u00e3e de Josimo ao centro recebendo c\u00f3pia do DVD do bispo de Tocantin\u00f3polis, Dom Giovani Melo<\/figcaption><\/figure> <figure id=\"attachment_1969\" aria-describedby=\"caption-attachment-1969\" style=\"width: 540px\" class=\"wp-caption aligncenter\"><img loading=\"lazy\" decoding=\"async\" class=\"wp-image-1969 size-full\" src=\"http:\/\/www.padrejosimo.com.br\/wp-content\/uploads\/2016\/05\/docjosimo07.jpg\" alt=\"Isnar Borges, do ICPJ, representou o instituto durante lan\u00e7amento\" width=\"540\" height=\"324\" \/><figcaption id=\"caption-attachment-1969\" class=\"wp-caption-text\">Isnar Borges, do ICPJ, representou o instituto durante lan\u00e7amento<\/figcaption><\/figure><\/p>\n<p>&nbsp;<\/p>\n<p><strong>Quem foi Padre Josimo<\/strong><\/p>\n<p>Josimo Morais Tavares, conhecido como Padre Josimo, nasceu em Marab\u00e1 no Par\u00e1, de fam\u00edlia humilde Josimo era filho de uma lavadeira que o teve \u00e0 beira do Rio Araguaia, em 1953. Ainda crian\u00e7a, sua fam\u00edlia se mudou para a cidade de Xambio\u00e1 , no Tocantins. Aos 11 anos partiu para Tocantin\u00f3polis para estudar em um semin\u00e1rio. De l\u00e1 rumou para Bras\u00edlia, depois para Aparecida do Norte (SP) at\u00e9 estudar em Petr\u00f3polis (RJ), em um semin\u00e1rio Franciscano.<\/p>\n<p>Por ser pobre, negro e filho de camponeses, Josimo foi alvo de muitos preconceitos. Quando terminou os estudos, decidiu voltar a Xambio\u00e1 para dedicar sua vida \u00e0 causa dos trabalhadores e trabalhadoras rurais. Ao longo de sua vida, o padre denunciou os grileiros da terra, a opress\u00e3o dos latifundi\u00e1rios contra os lavradores e defendeu os direitos do povo, conscientizando-os sobre sua for\u00e7a. Padre Josimo era coordenador da Comiss\u00e3o Pastoral da Terra (CPT) \u2013 no Bico do Papagaio, conhecida por intensos conflitos de disputa de terra.<\/p>\n<p>Por suas id\u00e9ias e a\u00e7\u00f5es, causou \u00f3dio aos fazendeiros da regi\u00e3o, passando a receber diversas amea\u00e7as de morte.Em 10 de maio de 1986, na cidade de Imperatriz, no Maranh\u00e3o, padre Josimo foi assassinado com dois tiros pelas costas quando subia a escadaria do pr\u00e9dio onde funcionava o escrit\u00f3rio da CPT.<\/p>\n","protected":false},"excerpt":{"rendered":"<p>A hist\u00f3ria de vida e luta do Padre Josimo virou filme no document\u00e1rio \u201cJosimo &#8211; O Padre negro de sand\u00e1lias surradas\u201d, realizado pelo Instituto Cultural Padre Josimo em parceria com a C\u00e1ritas Brasil. O audiovisual foi lan\u00e7ado nas celebra\u00e7\u00f5es da Semana Social da Terra e das \u00c1guas Padre Josimo. Realizado entre os dias 9 e 15 de maio na regi\u00e3o do Bico do Papagaio, Norte do Tocantins, o evento relembrou os 30 anos do assassinato do padre, morto em 1986 por pistoleiros, a mando de fazendeiros da regi\u00e3o.<\/p>\n","protected":false},"featured_media":0,"template":"","categorias_noticias":[13],"class_list":["post-231","noticias","type-noticias","status-publish","hentry","categorias_noticias-noticias"],"acf":[],"yoast_head":"<!-- This site is optimized with the Yoast SEO plugin v27.2 - https:\/\/yoast.com\/product\/yoast-seo-wordpress\/ -->\n<title>ICPJ vai a Tocantins para lan\u00e7ar document\u00e1rio sobre vida e luta de Padre Josimo - Instituto Cultural Padre Josimo<\/title>\n<meta name=\"robots\" content=\"index, follow, max-snippet:-1, max-image-preview:large, max-video-preview:-1\" \/>\n<link rel=\"canonical\" href=\"https:\/\/padrejosimo.com.br\/site\/noticias\/icpj-vai-a-tocantins-para-lancar-documentario-sobre-vida-e-luta-de-padre-josimo\/\" \/>\n<meta property=\"og:locale\" content=\"pt_BR\" \/>\n<meta property=\"og:type\" content=\"article\" \/>\n<meta property=\"og:title\" content=\"ICPJ vai a Tocantins para lan\u00e7ar document\u00e1rio sobre vida e luta de Padre Josimo - Instituto Cultural Padre Josimo\" \/>\n<meta property=\"og:description\" content=\"A hist\u00f3ria de vida e luta do Padre Josimo virou filme no document\u00e1rio \u201cJosimo - O Padre negro de sand\u00e1lias surradas\u201d, realizado pelo Instituto Cultural Padre Josimo em parceria com a C\u00e1ritas Brasil. O audiovisual foi lan\u00e7ado nas celebra\u00e7\u00f5es da Semana Social da Terra e das \u00c1guas Padre Josimo. Realizado entre os dias 9 e 15 de maio na regi\u00e3o do Bico do Papagaio, Norte do Tocantins, o evento relembrou os 30 anos do assassinato do padre, morto em 1986 por pistoleiros, a mando de fazendeiros da regi\u00e3o.\" \/>\n<meta property=\"og:url\" content=\"https:\/\/padrejosimo.com.br\/site\/noticias\/icpj-vai-a-tocantins-para-lancar-documentario-sobre-vida-e-luta-de-padre-josimo\/\" \/>\n<meta property=\"og:site_name\" content=\"Instituto Cultural Padre Josimo\" \/>\n<meta property=\"article:modified_time\" content=\"2017-05-08T18:44:41+00:00\" \/>\n<meta property=\"og:image\" content=\"http:\/\/www.padrejosimo.com.br\/wp-content\/uploads\/2016\/05\/josimo_01_p.jpg\" \/>\n<meta name=\"twitter:card\" content=\"summary_large_image\" \/>\n<meta name=\"twitter:label1\" content=\"Est. tempo de leitura\" \/>\n\t<meta name=\"twitter:data1\" content=\"3 minutos\" \/>\n<script type=\"application\/ld+json\" class=\"yoast-schema-graph\">{\"@context\":\"https:\/\/schema.org\",\"@graph\":[{\"@type\":\"WebPage\",\"@id\":\"https:\/\/padrejosimo.com.br\/site\/noticias\/icpj-vai-a-tocantins-para-lancar-documentario-sobre-vida-e-luta-de-padre-josimo\/\",\"url\":\"https:\/\/padrejosimo.com.br\/site\/noticias\/icpj-vai-a-tocantins-para-lancar-documentario-sobre-vida-e-luta-de-padre-josimo\/\",\"name\":\"ICPJ vai a Tocantins para lan\u00e7ar document\u00e1rio sobre vida e luta de Padre Josimo - Instituto Cultural Padre Josimo\",\"isPartOf\":{\"@id\":\"https:\/\/padrejosimo.com.br\/site\/#website\"},\"primaryImageOfPage\":{\"@id\":\"https:\/\/padrejosimo.com.br\/site\/noticias\/icpj-vai-a-tocantins-para-lancar-documentario-sobre-vida-e-luta-de-padre-josimo\/#primaryimage\"},\"image\":{\"@id\":\"https:\/\/padrejosimo.com.br\/site\/noticias\/icpj-vai-a-tocantins-para-lancar-documentario-sobre-vida-e-luta-de-padre-josimo\/#primaryimage\"},\"thumbnailUrl\":\"http:\/\/www.padrejosimo.com.br\/wp-content\/uploads\/2016\/05\/josimo_01_p.jpg\",\"datePublished\":\"2016-05-18T18:04:23+00:00\",\"dateModified\":\"2017-05-08T18:44:41+00:00\",\"breadcrumb\":{\"@id\":\"https:\/\/padrejosimo.com.br\/site\/noticias\/icpj-vai-a-tocantins-para-lancar-documentario-sobre-vida-e-luta-de-padre-josimo\/#breadcrumb\"},\"inLanguage\":\"pt-BR\",\"potentialAction\":[{\"@type\":\"ReadAction\",\"target\":[\"https:\/\/padrejosimo.com.br\/site\/noticias\/icpj-vai-a-tocantins-para-lancar-documentario-sobre-vida-e-luta-de-padre-josimo\/\"]}]},{\"@type\":\"ImageObject\",\"inLanguage\":\"pt-BR\",\"@id\":\"https:\/\/padrejosimo.com.br\/site\/noticias\/icpj-vai-a-tocantins-para-lancar-documentario-sobre-vida-e-luta-de-padre-josimo\/#primaryimage\",\"url\":\"http:\/\/www.padrejosimo.com.br\/wp-content\/uploads\/2016\/05\/josimo_01_p.jpg\",\"contentUrl\":\"http:\/\/www.padrejosimo.com.br\/wp-content\/uploads\/2016\/05\/josimo_01_p.jpg\"},{\"@type\":\"BreadcrumbList\",\"@id\":\"https:\/\/padrejosimo.com.br\/site\/noticias\/icpj-vai-a-tocantins-para-lancar-documentario-sobre-vida-e-luta-de-padre-josimo\/#breadcrumb\",\"itemListElement\":[{\"@type\":\"ListItem\",\"position\":1,\"name\":\"In\u00edcio\",\"item\":\"https:\/\/padrejosimo.com.br\/site\/\"},{\"@type\":\"ListItem\",\"position\":2,\"name\":\"Not\u00edcias\",\"item\":\"https:\/\/padrejosimo.com.br\/site\/noticias\/\"},{\"@type\":\"ListItem\",\"position\":3,\"name\":\"ICPJ vai a Tocantins para lan\u00e7ar document\u00e1rio sobre vida e luta de Padre Josimo\"}]},{\"@type\":\"WebSite\",\"@id\":\"https:\/\/padrejosimo.com.br\/site\/#website\",\"url\":\"https:\/\/padrejosimo.com.br\/site\/\",\"name\":\"Instituto Cultural Padre Josimo\",\"description\":\"Comprometida com a promo\u00e7\u00e3o da justi\u00e7a social, agroecologia e educa\u00e7\u00e3o popular\",\"publisher\":{\"@id\":\"https:\/\/padrejosimo.com.br\/site\/#organization\"},\"alternateName\":\"ICPJ\",\"potentialAction\":[{\"@type\":\"SearchAction\",\"target\":{\"@type\":\"EntryPoint\",\"urlTemplate\":\"https:\/\/padrejosimo.com.br\/site\/?s={search_term_string}\"},\"query-input\":{\"@type\":\"PropertyValueSpecification\",\"valueRequired\":true,\"valueName\":\"search_term_string\"}}],\"inLanguage\":\"pt-BR\"},{\"@type\":\"Organization\",\"@id\":\"https:\/\/padrejosimo.com.br\/site\/#organization\",\"name\":\"Instituto Cultural Padre Josimo\",\"alternateName\":\"ICPJ\",\"url\":\"https:\/\/padrejosimo.com.br\/site\/\",\"logo\":{\"@type\":\"ImageObject\",\"inLanguage\":\"pt-BR\",\"@id\":\"https:\/\/padrejosimo.com.br\/site\/#\/schema\/logo\/image\/\",\"url\":\"https:\/\/padrejosimo.com.br\/site\/wp-content\/uploads\/2025\/09\/cropped-icon-icpj.png\",\"contentUrl\":\"https:\/\/padrejosimo.com.br\/site\/wp-content\/uploads\/2025\/09\/cropped-icon-icpj.png\",\"width\":512,\"height\":512,\"caption\":\"Instituto Cultural Padre Josimo\"},\"image\":{\"@id\":\"https:\/\/padrejosimo.com.br\/site\/#\/schema\/logo\/image\/\"}}]}<\/script>\n<!-- \/ Yoast SEO plugin. -->","yoast_head_json":{"title":"ICPJ vai a Tocantins para lan\u00e7ar document\u00e1rio sobre vida e luta de Padre Josimo - Instituto Cultural Padre Josimo","robots":{"index":"index","follow":"follow","max-snippet":"max-snippet:-1","max-image-preview":"max-image-preview:large","max-video-preview":"max-video-preview:-1"},"canonical":"https:\/\/padrejosimo.com.br\/site\/noticias\/icpj-vai-a-tocantins-para-lancar-documentario-sobre-vida-e-luta-de-padre-josimo\/","og_locale":"pt_BR","og_type":"article","og_title":"ICPJ vai a Tocantins para lan\u00e7ar document\u00e1rio sobre vida e luta de Padre Josimo - Instituto Cultural Padre Josimo","og_description":"A hist\u00f3ria de vida e luta do Padre Josimo virou filme no document\u00e1rio \u201cJosimo - O Padre negro de sand\u00e1lias surradas\u201d, realizado pelo Instituto Cultural Padre Josimo em parceria com a C\u00e1ritas Brasil. O audiovisual foi lan\u00e7ado nas celebra\u00e7\u00f5es da Semana Social da Terra e das \u00c1guas Padre Josimo. Realizado entre os dias 9 e 15 de maio na regi\u00e3o do Bico do Papagaio, Norte do Tocantins, o evento relembrou os 30 anos do assassinato do padre, morto em 1986 por pistoleiros, a mando de fazendeiros da regi\u00e3o.","og_url":"https:\/\/padrejosimo.com.br\/site\/noticias\/icpj-vai-a-tocantins-para-lancar-documentario-sobre-vida-e-luta-de-padre-josimo\/","og_site_name":"Instituto Cultural Padre Josimo","article_modified_time":"2017-05-08T18:44:41+00:00","og_image":[{"url":"http:\/\/www.padrejosimo.com.br\/wp-content\/uploads\/2016\/05\/josimo_01_p.jpg","type":"","width":"","height":""}],"twitter_card":"summary_large_image","twitter_misc":{"Est. tempo de leitura":"3 minutos"},"schema":{"@context":"https:\/\/schema.org","@graph":[{"@type":"WebPage","@id":"https:\/\/padrejosimo.com.br\/site\/noticias\/icpj-vai-a-tocantins-para-lancar-documentario-sobre-vida-e-luta-de-padre-josimo\/","url":"https:\/\/padrejosimo.com.br\/site\/noticias\/icpj-vai-a-tocantins-para-lancar-documentario-sobre-vida-e-luta-de-padre-josimo\/","name":"ICPJ vai a Tocantins para lan\u00e7ar document\u00e1rio sobre vida e luta de Padre Josimo - Instituto Cultural Padre Josimo","isPartOf":{"@id":"https:\/\/padrejosimo.com.br\/site\/#website"},"primaryImageOfPage":{"@id":"https:\/\/padrejosimo.com.br\/site\/noticias\/icpj-vai-a-tocantins-para-lancar-documentario-sobre-vida-e-luta-de-padre-josimo\/#primaryimage"},"image":{"@id":"https:\/\/padrejosimo.com.br\/site\/noticias\/icpj-vai-a-tocantins-para-lancar-documentario-sobre-vida-e-luta-de-padre-josimo\/#primaryimage"},"thumbnailUrl":"http:\/\/www.padrejosimo.com.br\/wp-content\/uploads\/2016\/05\/josimo_01_p.jpg","datePublished":"2016-05-18T18:04:23+00:00","dateModified":"2017-05-08T18:44:41+00:00","breadcrumb":{"@id":"https:\/\/padrejosimo.com.br\/site\/noticias\/icpj-vai-a-tocantins-para-lancar-documentario-sobre-vida-e-luta-de-padre-josimo\/#breadcrumb"},"inLanguage":"pt-BR","potentialAction":[{"@type":"ReadAction","target":["https:\/\/padrejosimo.com.br\/site\/noticias\/icpj-vai-a-tocantins-para-lancar-documentario-sobre-vida-e-luta-de-padre-josimo\/"]}]},{"@type":"ImageObject","inLanguage":"pt-BR","@id":"https:\/\/padrejosimo.com.br\/site\/noticias\/icpj-vai-a-tocantins-para-lancar-documentario-sobre-vida-e-luta-de-padre-josimo\/#primaryimage","url":"http:\/\/www.padrejosimo.com.br\/wp-content\/uploads\/2016\/05\/josimo_01_p.jpg","contentUrl":"http:\/\/www.padrejosimo.com.br\/wp-content\/uploads\/2016\/05\/josimo_01_p.jpg"},{"@type":"BreadcrumbList","@id":"https:\/\/padrejosimo.com.br\/site\/noticias\/icpj-vai-a-tocantins-para-lancar-documentario-sobre-vida-e-luta-de-padre-josimo\/#breadcrumb","itemListElement":[{"@type":"ListItem","position":1,"name":"In\u00edcio","item":"https:\/\/padrejosimo.com.br\/site\/"},{"@type":"ListItem","position":2,"name":"Not\u00edcias","item":"https:\/\/padrejosimo.com.br\/site\/noticias\/"},{"@type":"ListItem","position":3,"name":"ICPJ vai a Tocantins para lan\u00e7ar document\u00e1rio sobre vida e luta de Padre Josimo"}]},{"@type":"WebSite","@id":"https:\/\/padrejosimo.com.br\/site\/#website","url":"https:\/\/padrejosimo.com.br\/site\/","name":"Instituto Cultural Padre Josimo","description":"Comprometida com a promo\u00e7\u00e3o da justi\u00e7a social, agroecologia e educa\u00e7\u00e3o popular","publisher":{"@id":"https:\/\/padrejosimo.com.br\/site\/#organization"},"alternateName":"ICPJ","potentialAction":[{"@type":"SearchAction","target":{"@type":"EntryPoint","urlTemplate":"https:\/\/padrejosimo.com.br\/site\/?s={search_term_string}"},"query-input":{"@type":"PropertyValueSpecification","valueRequired":true,"valueName":"search_term_string"}}],"inLanguage":"pt-BR"},{"@type":"Organization","@id":"https:\/\/padrejosimo.com.br\/site\/#organization","name":"Instituto Cultural Padre Josimo","alternateName":"ICPJ","url":"https:\/\/padrejosimo.com.br\/site\/","logo":{"@type":"ImageObject","inLanguage":"pt-BR","@id":"https:\/\/padrejosimo.com.br\/site\/#\/schema\/logo\/image\/","url":"https:\/\/padrejosimo.com.br\/site\/wp-content\/uploads\/2025\/09\/cropped-icon-icpj.png","contentUrl":"https:\/\/padrejosimo.com.br\/site\/wp-content\/uploads\/2025\/09\/cropped-icon-icpj.png","width":512,"height":512,"caption":"Instituto Cultural Padre Josimo"},"image":{"@id":"https:\/\/padrejosimo.com.br\/site\/#\/schema\/logo\/image\/"}}]}},"_links":{"self":[{"href":"https:\/\/padrejosimo.com.br\/site\/wp-json\/wp\/v2\/noticias\/231","targetHints":{"allow":["GET"]}}],"collection":[{"href":"https:\/\/padrejosimo.com.br\/site\/wp-json\/wp\/v2\/noticias"}],"about":[{"href":"https:\/\/padrejosimo.com.br\/site\/wp-json\/wp\/v2\/types\/noticias"}],"wp:attachment":[{"href":"https:\/\/padrejosimo.com.br\/site\/wp-json\/wp\/v2\/media?parent=231"}],"wp:term":[{"taxonomy":"categorias_noticias","embeddable":true,"href":"https:\/\/padrejosimo.com.br\/site\/wp-json\/wp\/v2\/categorias_noticias?post=231"}],"curies":[{"name":"wp","href":"https:\/\/api.w.org\/{rel}","templated":true}]}}