{"id":230,"date":"2016-06-30T15:03:23","date_gmt":"2016-06-30T18:03:23","guid":{"rendered":"http:\/\/bagual.com.br\/site\/?post_type=noticias&#038;p=230"},"modified":"2017-05-05T15:04:10","modified_gmt":"2017-05-05T18:04:10","slug":"instituto-colabora-com-semana-do-meio-ambiente-da-eletrobras-cgtee","status":"publish","type":"noticias","link":"https:\/\/padrejosimo.com.br\/site\/noticias\/instituto-colabora-com-semana-do-meio-ambiente-da-eletrobras-cgtee\/","title":{"rendered":"Instituto colabora com Semana do Meio Ambiente da Eletrobras  CGTEE"},"content":{"rendered":"<p>O Instituto Cultural Padre Josimo (ICPJ) participou das atividades programadas na Semana do Meio Ambiente da Eletrobras CGTEE, realizada no munic\u00edpio de Candiota (RS). Entre as a\u00e7\u00f5es realizadas est\u00e3o o plantio de \u00e1rvores nativas dentro das depend\u00eancias da Usina Termel\u00e9trica Presidente M\u00e9dici e a realiza\u00e7\u00e3o de palestra sobre projeto de revegeta\u00e7\u00e3o de \u00e1rea degradadas, uma parceria entre o ICPJ e a Eletrobr\u00e1s CGTEE.<\/p>\n<p>Na a\u00e7\u00e3o com as \u00e1rvores, cerca de 30 mudas foram plantadas pelos trabalhadores da Usina, sob orienta\u00e7\u00e3o dos t\u00e9cnicos do ICPJ, e cada uma foi adotada por um dos colaboradores da companhia. A palestra, que teve como tema &#8220;O Projeto \u00c1rvores Nativas e o Meio Ambiente&#8221;, aconteceu no Centro Administrativo da companhia. Estiveram presentes colaboradores da usina, que assistiram a apresenta\u00e7\u00e3o e interagiram com d\u00favidas e questionamentos, respondidos pelos t\u00e9cnicos do Instituto. <\/p>\n<p>Segundo o engenheiro florestal e membro do ICPJ Marcelo Bern\u00e1l, as a\u00e7\u00f5es foram positivas. \u201cOs participantes avaliaram de forma excelente o projeto, desde a metodologia adotada, o envolvimento de fam\u00edlias de pequenos agricultores assentados e os objetivos alcan\u00e7ados\u201d.<\/p>\n<p>Confira fotos da a\u00e7\u00e3o:<\/p>\n<p><a href=\"http:\/\/www.padrejosimo.com.br\/wp-content\/uploads\/2016\/06\/cgtee_icpj1.jpg\"><img fetchpriority=\"high\" decoding=\"async\" src=\"http:\/\/www.padrejosimo.com.br\/wp-content\/uploads\/2016\/06\/cgtee_icpj1.jpg\" alt=\"cgtee_icpj1\" width=\"500\" height=\"350\" class=\"aligncenter size-full wp-image-1990\" \/><\/a><br \/>\n<a href=\"http:\/\/www.padrejosimo.com.br\/wp-content\/uploads\/2016\/06\/cgtee_icpj5.jpg\"><img decoding=\"async\" src=\"http:\/\/www.padrejosimo.com.br\/wp-content\/uploads\/2016\/06\/cgtee_icpj5.jpg\" alt=\"cgtee_icpj5\" width=\"500\" height=\"350\" class=\"aligncenter size-full wp-image-1994\" \/><\/a><br \/>\n<a href=\"http:\/\/www.padrejosimo.com.br\/wp-content\/uploads\/2016\/06\/cgtee_icpj2.jpg\"><img decoding=\"async\" src=\"http:\/\/www.padrejosimo.com.br\/wp-content\/uploads\/2016\/06\/cgtee_icpj2.jpg\" alt=\"cgtee_icpj2\" width=\"500\" height=\"350\" class=\"aligncenter size-full wp-image-1991\" \/><\/a><br \/>\n<a href=\"http:\/\/www.padrejosimo.com.br\/wp-content\/uploads\/2016\/06\/cgtee_icpj3.jpg\"><img loading=\"lazy\" decoding=\"async\" src=\"http:\/\/www.padrejosimo.com.br\/wp-content\/uploads\/2016\/06\/cgtee_icpj3.jpg\" alt=\"cgtee_icpj3\" width=\"500\" height=\"350\" class=\"aligncenter size-full wp-image-1992\" \/><\/a><br \/>\n<a href=\"http:\/\/www.padrejosimo.com.br\/wp-content\/uploads\/2016\/06\/cgtee_icpj4.jpg\"><img loading=\"lazy\" decoding=\"async\" src=\"http:\/\/www.padrejosimo.com.br\/wp-content\/uploads\/2016\/06\/cgtee_icpj4.jpg\" alt=\"cgtee_icpj4\" width=\"500\" height=\"350\" class=\"aligncenter size-full wp-image-1993\" \/><\/a><\/p>\n","protected":false},"excerpt":{"rendered":"<p>O Instituto Cultural Padre Josimo (ICPJ) participou das atividades programadas na Semana do Meio Ambiente da Eletrobras CGTEE, realizada no munic\u00edpio de Candiota (RS). Entre as a\u00e7\u00f5es realizadas est\u00e3o o plantio de \u00e1rvores nativas dentro das depend\u00eancias da Usina Termel\u00e9trica Presidente M\u00e9dici e a realiza\u00e7\u00e3o de palestra sobre projeto de revegeta\u00e7\u00e3o de \u00e1rea degradadas, uma [&hellip;]<\/p>\n","protected":false},"featured_media":0,"template":"","categorias_noticias":[5],"class_list":["post-230","noticias","type-noticias","status-publish","hentry","categorias_noticias-meio-ambiente"],"acf":[],"yoast_head":"<!-- This site is optimized with the Yoast SEO plugin v27.2 - https:\/\/yoast.com\/product\/yoast-seo-wordpress\/ -->\n<title>Instituto colabora com Semana do Meio Ambiente da Eletrobras CGTEE - Instituto Cultural Padre Josimo<\/title>\n<meta name=\"robots\" content=\"index, follow, max-snippet:-1, max-image-preview:large, max-video-preview:-1\" \/>\n<link rel=\"canonical\" href=\"https:\/\/padrejosimo.com.br\/site\/noticias\/instituto-colabora-com-semana-do-meio-ambiente-da-eletrobras-cgtee\/\" \/>\n<meta property=\"og:locale\" content=\"pt_BR\" \/>\n<meta property=\"og:type\" content=\"article\" \/>\n<meta property=\"og:title\" content=\"Instituto colabora com Semana do Meio Ambiente da Eletrobras CGTEE - Instituto Cultural Padre Josimo\" \/>\n<meta property=\"og:description\" content=\"O Instituto Cultural Padre Josimo (ICPJ) participou das atividades programadas na Semana do Meio Ambiente da Eletrobras CGTEE, realizada no munic\u00edpio de Candiota (RS). Entre as a\u00e7\u00f5es realizadas est\u00e3o o plantio de \u00e1rvores nativas dentro das depend\u00eancias da Usina Termel\u00e9trica Presidente M\u00e9dici e a realiza\u00e7\u00e3o de palestra sobre projeto de revegeta\u00e7\u00e3o de \u00e1rea degradadas, uma [&hellip;]\" \/>\n<meta property=\"og:url\" content=\"https:\/\/padrejosimo.com.br\/site\/noticias\/instituto-colabora-com-semana-do-meio-ambiente-da-eletrobras-cgtee\/\" \/>\n<meta property=\"og:site_name\" content=\"Instituto Cultural Padre Josimo\" \/>\n<meta property=\"article:modified_time\" content=\"2017-05-05T18:04:10+00:00\" \/>\n<meta property=\"og:image\" content=\"http:\/\/www.padrejosimo.com.br\/wp-content\/uploads\/2016\/06\/cgtee_icpj1.jpg\" \/>\n<meta name=\"twitter:card\" content=\"summary_large_image\" \/>\n<meta name=\"twitter:label1\" content=\"Est. tempo de leitura\" \/>\n\t<meta name=\"twitter:data1\" content=\"1 minuto\" \/>\n<script type=\"application\/ld+json\" class=\"yoast-schema-graph\">{\"@context\":\"https:\/\/schema.org\",\"@graph\":[{\"@type\":\"WebPage\",\"@id\":\"https:\/\/padrejosimo.com.br\/site\/noticias\/instituto-colabora-com-semana-do-meio-ambiente-da-eletrobras-cgtee\/\",\"url\":\"https:\/\/padrejosimo.com.br\/site\/noticias\/instituto-colabora-com-semana-do-meio-ambiente-da-eletrobras-cgtee\/\",\"name\":\"Instituto colabora com Semana do Meio Ambiente da Eletrobras CGTEE - Instituto Cultural Padre Josimo\",\"isPartOf\":{\"@id\":\"https:\/\/padrejosimo.com.br\/site\/#website\"},\"primaryImageOfPage\":{\"@id\":\"https:\/\/padrejosimo.com.br\/site\/noticias\/instituto-colabora-com-semana-do-meio-ambiente-da-eletrobras-cgtee\/#primaryimage\"},\"image\":{\"@id\":\"https:\/\/padrejosimo.com.br\/site\/noticias\/instituto-colabora-com-semana-do-meio-ambiente-da-eletrobras-cgtee\/#primaryimage\"},\"thumbnailUrl\":\"http:\/\/www.padrejosimo.com.br\/wp-content\/uploads\/2016\/06\/cgtee_icpj1.jpg\",\"datePublished\":\"2016-06-30T18:03:23+00:00\",\"dateModified\":\"2017-05-05T18:04:10+00:00\",\"breadcrumb\":{\"@id\":\"https:\/\/padrejosimo.com.br\/site\/noticias\/instituto-colabora-com-semana-do-meio-ambiente-da-eletrobras-cgtee\/#breadcrumb\"},\"inLanguage\":\"pt-BR\",\"potentialAction\":[{\"@type\":\"ReadAction\",\"target\":[\"https:\/\/padrejosimo.com.br\/site\/noticias\/instituto-colabora-com-semana-do-meio-ambiente-da-eletrobras-cgtee\/\"]}]},{\"@type\":\"ImageObject\",\"inLanguage\":\"pt-BR\",\"@id\":\"https:\/\/padrejosimo.com.br\/site\/noticias\/instituto-colabora-com-semana-do-meio-ambiente-da-eletrobras-cgtee\/#primaryimage\",\"url\":\"http:\/\/www.padrejosimo.com.br\/wp-content\/uploads\/2016\/06\/cgtee_icpj1.jpg\",\"contentUrl\":\"http:\/\/www.padrejosimo.com.br\/wp-content\/uploads\/2016\/06\/cgtee_icpj1.jpg\"},{\"@type\":\"BreadcrumbList\",\"@id\":\"https:\/\/padrejosimo.com.br\/site\/noticias\/instituto-colabora-com-semana-do-meio-ambiente-da-eletrobras-cgtee\/#breadcrumb\",\"itemListElement\":[{\"@type\":\"ListItem\",\"position\":1,\"name\":\"In\u00edcio\",\"item\":\"https:\/\/padrejosimo.com.br\/site\/\"},{\"@type\":\"ListItem\",\"position\":2,\"name\":\"Not\u00edcias\",\"item\":\"https:\/\/padrejosimo.com.br\/site\/noticias\/\"},{\"@type\":\"ListItem\",\"position\":3,\"name\":\"Instituto colabora com Semana do Meio Ambiente da Eletrobras CGTEE\"}]},{\"@type\":\"WebSite\",\"@id\":\"https:\/\/padrejosimo.com.br\/site\/#website\",\"url\":\"https:\/\/padrejosimo.com.br\/site\/\",\"name\":\"Instituto Cultural Padre Josimo\",\"description\":\"Comprometida com a promo\u00e7\u00e3o da justi\u00e7a social, agroecologia e educa\u00e7\u00e3o popular\",\"publisher\":{\"@id\":\"https:\/\/padrejosimo.com.br\/site\/#organization\"},\"alternateName\":\"ICPJ\",\"potentialAction\":[{\"@type\":\"SearchAction\",\"target\":{\"@type\":\"EntryPoint\",\"urlTemplate\":\"https:\/\/padrejosimo.com.br\/site\/?s={search_term_string}\"},\"query-input\":{\"@type\":\"PropertyValueSpecification\",\"valueRequired\":true,\"valueName\":\"search_term_string\"}}],\"inLanguage\":\"pt-BR\"},{\"@type\":\"Organization\",\"@id\":\"https:\/\/padrejosimo.com.br\/site\/#organization\",\"name\":\"Instituto Cultural Padre Josimo\",\"alternateName\":\"ICPJ\",\"url\":\"https:\/\/padrejosimo.com.br\/site\/\",\"logo\":{\"@type\":\"ImageObject\",\"inLanguage\":\"pt-BR\",\"@id\":\"https:\/\/padrejosimo.com.br\/site\/#\/schema\/logo\/image\/\",\"url\":\"https:\/\/padrejosimo.com.br\/site\/wp-content\/uploads\/2025\/09\/cropped-icon-icpj.png\",\"contentUrl\":\"https:\/\/padrejosimo.com.br\/site\/wp-content\/uploads\/2025\/09\/cropped-icon-icpj.png\",\"width\":512,\"height\":512,\"caption\":\"Instituto Cultural Padre Josimo\"},\"image\":{\"@id\":\"https:\/\/padrejosimo.com.br\/site\/#\/schema\/logo\/image\/\"}}]}<\/script>\n<!-- \/ Yoast SEO plugin. -->","yoast_head_json":{"title":"Instituto colabora com Semana do Meio Ambiente da Eletrobras CGTEE - Instituto Cultural Padre Josimo","robots":{"index":"index","follow":"follow","max-snippet":"max-snippet:-1","max-image-preview":"max-image-preview:large","max-video-preview":"max-video-preview:-1"},"canonical":"https:\/\/padrejosimo.com.br\/site\/noticias\/instituto-colabora-com-semana-do-meio-ambiente-da-eletrobras-cgtee\/","og_locale":"pt_BR","og_type":"article","og_title":"Instituto colabora com Semana do Meio Ambiente da Eletrobras CGTEE - Instituto Cultural Padre Josimo","og_description":"O Instituto Cultural Padre Josimo (ICPJ) participou das atividades programadas na Semana do Meio Ambiente da Eletrobras CGTEE, realizada no munic\u00edpio de Candiota (RS). Entre as a\u00e7\u00f5es realizadas est\u00e3o o plantio de \u00e1rvores nativas dentro das depend\u00eancias da Usina Termel\u00e9trica Presidente M\u00e9dici e a realiza\u00e7\u00e3o de palestra sobre projeto de revegeta\u00e7\u00e3o de \u00e1rea degradadas, uma [&hellip;]","og_url":"https:\/\/padrejosimo.com.br\/site\/noticias\/instituto-colabora-com-semana-do-meio-ambiente-da-eletrobras-cgtee\/","og_site_name":"Instituto Cultural Padre Josimo","article_modified_time":"2017-05-05T18:04:10+00:00","og_image":[{"url":"http:\/\/www.padrejosimo.com.br\/wp-content\/uploads\/2016\/06\/cgtee_icpj1.jpg","type":"","width":"","height":""}],"twitter_card":"summary_large_image","twitter_misc":{"Est. tempo de leitura":"1 minuto"},"schema":{"@context":"https:\/\/schema.org","@graph":[{"@type":"WebPage","@id":"https:\/\/padrejosimo.com.br\/site\/noticias\/instituto-colabora-com-semana-do-meio-ambiente-da-eletrobras-cgtee\/","url":"https:\/\/padrejosimo.com.br\/site\/noticias\/instituto-colabora-com-semana-do-meio-ambiente-da-eletrobras-cgtee\/","name":"Instituto colabora com Semana do Meio Ambiente da Eletrobras CGTEE - Instituto Cultural Padre Josimo","isPartOf":{"@id":"https:\/\/padrejosimo.com.br\/site\/#website"},"primaryImageOfPage":{"@id":"https:\/\/padrejosimo.com.br\/site\/noticias\/instituto-colabora-com-semana-do-meio-ambiente-da-eletrobras-cgtee\/#primaryimage"},"image":{"@id":"https:\/\/padrejosimo.com.br\/site\/noticias\/instituto-colabora-com-semana-do-meio-ambiente-da-eletrobras-cgtee\/#primaryimage"},"thumbnailUrl":"http:\/\/www.padrejosimo.com.br\/wp-content\/uploads\/2016\/06\/cgtee_icpj1.jpg","datePublished":"2016-06-30T18:03:23+00:00","dateModified":"2017-05-05T18:04:10+00:00","breadcrumb":{"@id":"https:\/\/padrejosimo.com.br\/site\/noticias\/instituto-colabora-com-semana-do-meio-ambiente-da-eletrobras-cgtee\/#breadcrumb"},"inLanguage":"pt-BR","potentialAction":[{"@type":"ReadAction","target":["https:\/\/padrejosimo.com.br\/site\/noticias\/instituto-colabora-com-semana-do-meio-ambiente-da-eletrobras-cgtee\/"]}]},{"@type":"ImageObject","inLanguage":"pt-BR","@id":"https:\/\/padrejosimo.com.br\/site\/noticias\/instituto-colabora-com-semana-do-meio-ambiente-da-eletrobras-cgtee\/#primaryimage","url":"http:\/\/www.padrejosimo.com.br\/wp-content\/uploads\/2016\/06\/cgtee_icpj1.jpg","contentUrl":"http:\/\/www.padrejosimo.com.br\/wp-content\/uploads\/2016\/06\/cgtee_icpj1.jpg"},{"@type":"BreadcrumbList","@id":"https:\/\/padrejosimo.com.br\/site\/noticias\/instituto-colabora-com-semana-do-meio-ambiente-da-eletrobras-cgtee\/#breadcrumb","itemListElement":[{"@type":"ListItem","position":1,"name":"In\u00edcio","item":"https:\/\/padrejosimo.com.br\/site\/"},{"@type":"ListItem","position":2,"name":"Not\u00edcias","item":"https:\/\/padrejosimo.com.br\/site\/noticias\/"},{"@type":"ListItem","position":3,"name":"Instituto colabora com Semana do Meio Ambiente da Eletrobras CGTEE"}]},{"@type":"WebSite","@id":"https:\/\/padrejosimo.com.br\/site\/#website","url":"https:\/\/padrejosimo.com.br\/site\/","name":"Instituto Cultural Padre Josimo","description":"Comprometida com a promo\u00e7\u00e3o da justi\u00e7a social, agroecologia e educa\u00e7\u00e3o popular","publisher":{"@id":"https:\/\/padrejosimo.com.br\/site\/#organization"},"alternateName":"ICPJ","potentialAction":[{"@type":"SearchAction","target":{"@type":"EntryPoint","urlTemplate":"https:\/\/padrejosimo.com.br\/site\/?s={search_term_string}"},"query-input":{"@type":"PropertyValueSpecification","valueRequired":true,"valueName":"search_term_string"}}],"inLanguage":"pt-BR"},{"@type":"Organization","@id":"https:\/\/padrejosimo.com.br\/site\/#organization","name":"Instituto Cultural Padre Josimo","alternateName":"ICPJ","url":"https:\/\/padrejosimo.com.br\/site\/","logo":{"@type":"ImageObject","inLanguage":"pt-BR","@id":"https:\/\/padrejosimo.com.br\/site\/#\/schema\/logo\/image\/","url":"https:\/\/padrejosimo.com.br\/site\/wp-content\/uploads\/2025\/09\/cropped-icon-icpj.png","contentUrl":"https:\/\/padrejosimo.com.br\/site\/wp-content\/uploads\/2025\/09\/cropped-icon-icpj.png","width":512,"height":512,"caption":"Instituto Cultural Padre Josimo"},"image":{"@id":"https:\/\/padrejosimo.com.br\/site\/#\/schema\/logo\/image\/"}}]}},"_links":{"self":[{"href":"https:\/\/padrejosimo.com.br\/site\/wp-json\/wp\/v2\/noticias\/230","targetHints":{"allow":["GET"]}}],"collection":[{"href":"https:\/\/padrejosimo.com.br\/site\/wp-json\/wp\/v2\/noticias"}],"about":[{"href":"https:\/\/padrejosimo.com.br\/site\/wp-json\/wp\/v2\/types\/noticias"}],"wp:attachment":[{"href":"https:\/\/padrejosimo.com.br\/site\/wp-json\/wp\/v2\/media?parent=230"}],"wp:term":[{"taxonomy":"categorias_noticias","embeddable":true,"href":"https:\/\/padrejosimo.com.br\/site\/wp-json\/wp\/v2\/categorias_noticias?post=230"}],"curies":[{"name":"wp","href":"https:\/\/api.w.org\/{rel}","templated":true}]}}