{"id":228,"date":"2016-09-14T14:53:57","date_gmt":"2016-09-14T17:53:57","guid":{"rendered":"http:\/\/bagual.com.br\/site\/?post_type=noticias&#038;p=228"},"modified":"2017-05-05T14:56:12","modified_gmt":"2017-05-05T17:56:12","slug":"conheca-e-adquira-novo-livro-coletanea-de-sabedorias-populares-com-ervas-medicinais","status":"publish","type":"noticias","link":"https:\/\/padrejosimo.com.br\/site\/noticias\/conheca-e-adquira-novo-livro-coletanea-de-sabedorias-populares-com-ervas-medicinais\/","title":{"rendered":"Conhe\u00e7a e adquira novo livro colet\u00e2nea de sabedorias populares com ervas medicinais"},"content":{"rendered":"<p>Esta edi\u00e7\u00e3o, revisada e ampliada, traz uma colet\u00e2nea popular de sabedorias camponesas sobre ervas medicinais, rem\u00e9dios e receitas caseiras. O livro \u00e9 fruto do interesse das pessoas em ter registrado tais conhecimentos, situa\u00e7\u00e3o verificada por frei Wilson Zanatta em seu programa de r\u00e1dio semanal \u201cChimarreando com Deus\u201d, na R\u00e1dio Comunit\u00e1ria Terra Livre, do Assentamento Conquista da Fronteira, em Hulha Negra (RS).<\/p>\n<p><img fetchpriority=\"high\" decoding=\"async\" class=\"size-full wp-image-1517 aligncenter\" src=\"http:\/\/www.padrejosimo.com.br\/wp-content\/uploads\/2015\/06\/liv_ervas_medicinais2.png\" alt=\"liv_ervas_medicinais2\" width=\"210\" height=\"300\" \/><\/p>\n<p style=\"text-align: center;\"><strong>Por R$ 20,00<\/strong> + frete<\/p>\n<p style=\"text-align: center;\">Temas abordados no livro:<\/p>\n<p style=\"text-align: center;\">&#8211; Propriedades e usos de alimentos e ervas;<br \/>\n &#8211; dosagens das plantas medicinais;<br \/>\n &#8211; import\u00e2ncia da \u00e1gua para a sa\u00fade;<br \/>\n &#8211; receitas para combate de doen\u00e7as;<br \/>\n &#8211; receitas para a fam\u00edlia camponesa;<br \/>\n &#8211; curiosidades e observa\u00e7\u00f5es;<br \/>\n &#8211; gesta\u00e7\u00e3o de animais;<br \/>\n &#8211; prepara\u00e7\u00e3o de ch\u00e1s;<br \/>\n &#8211; lua e plantios;<br \/>\n &#8211; dicas de sa\u00fade;<\/p>\n<p>Para adquirir as publica\u00e7\u00f5es da Editora Instituto Cultural Padre Josimo. Envie para o e-mail <strong>instituto@padrejosimo.com.br<\/strong> o t\u00edtulo de interesse e seu endere\u00e7o para combinar forma e valores de entrega do livro.<\/p>\n","protected":false},"excerpt":{"rendered":"<p>Esta edi\u00e7\u00e3o, revisada e ampliada, traz uma colet\u00e2nea popular de sabedorias camponesas sobre ervas medicinais, rem\u00e9dios e receitas caseiras. O livro \u00e9 fruto do interesse das pessoas em ter registrado tais conhecimentos, situa\u00e7\u00e3o verificada por frei Wilson Zanatta em seu programa de r\u00e1dio semanal \u201cChimarreando com Deus\u201d, na R\u00e1dio Comunit\u00e1ria Terra Livre, do Assentamento Conquista [&hellip;]<\/p>\n","protected":false},"featured_media":0,"template":"","categorias_noticias":[13],"class_list":["post-228","noticias","type-noticias","status-publish","hentry","categorias_noticias-noticias"],"acf":[],"yoast_head":"<!-- This site is optimized with the Yoast SEO plugin v27.2 - https:\/\/yoast.com\/product\/yoast-seo-wordpress\/ -->\n<title>Conhe\u00e7a e adquira novo livro colet\u00e2nea de sabedorias populares com ervas medicinais - Instituto Cultural Padre Josimo<\/title>\n<meta name=\"robots\" content=\"index, follow, max-snippet:-1, max-image-preview:large, max-video-preview:-1\" \/>\n<link rel=\"canonical\" href=\"https:\/\/padrejosimo.com.br\/site\/noticias\/conheca-e-adquira-novo-livro-coletanea-de-sabedorias-populares-com-ervas-medicinais\/\" \/>\n<meta property=\"og:locale\" content=\"pt_BR\" \/>\n<meta property=\"og:type\" content=\"article\" \/>\n<meta property=\"og:title\" content=\"Conhe\u00e7a e adquira novo livro colet\u00e2nea de sabedorias populares com ervas medicinais - Instituto Cultural Padre Josimo\" \/>\n<meta property=\"og:description\" content=\"Esta edi\u00e7\u00e3o, revisada e ampliada, traz uma colet\u00e2nea popular de sabedorias camponesas sobre ervas medicinais, rem\u00e9dios e receitas caseiras. O livro \u00e9 fruto do interesse das pessoas em ter registrado tais conhecimentos, situa\u00e7\u00e3o verificada por frei Wilson Zanatta em seu programa de r\u00e1dio semanal \u201cChimarreando com Deus\u201d, na R\u00e1dio Comunit\u00e1ria Terra Livre, do Assentamento Conquista [&hellip;]\" \/>\n<meta property=\"og:url\" content=\"https:\/\/padrejosimo.com.br\/site\/noticias\/conheca-e-adquira-novo-livro-coletanea-de-sabedorias-populares-com-ervas-medicinais\/\" \/>\n<meta property=\"og:site_name\" content=\"Instituto Cultural Padre Josimo\" \/>\n<meta property=\"article:modified_time\" content=\"2017-05-05T17:56:12+00:00\" \/>\n<meta property=\"og:image\" content=\"http:\/\/www.padrejosimo.com.br\/wp-content\/uploads\/2015\/06\/liv_ervas_medicinais2.png\" \/>\n<meta name=\"twitter:card\" content=\"summary_large_image\" \/>\n<meta name=\"twitter:label1\" content=\"Est. tempo de leitura\" \/>\n\t<meta name=\"twitter:data1\" content=\"1 minuto\" \/>\n<script type=\"application\/ld+json\" class=\"yoast-schema-graph\">{\"@context\":\"https:\/\/schema.org\",\"@graph\":[{\"@type\":\"WebPage\",\"@id\":\"https:\/\/padrejosimo.com.br\/site\/noticias\/conheca-e-adquira-novo-livro-coletanea-de-sabedorias-populares-com-ervas-medicinais\/\",\"url\":\"https:\/\/padrejosimo.com.br\/site\/noticias\/conheca-e-adquira-novo-livro-coletanea-de-sabedorias-populares-com-ervas-medicinais\/\",\"name\":\"Conhe\u00e7a e adquira novo livro colet\u00e2nea de sabedorias populares com ervas medicinais - Instituto Cultural Padre Josimo\",\"isPartOf\":{\"@id\":\"https:\/\/padrejosimo.com.br\/site\/#website\"},\"primaryImageOfPage\":{\"@id\":\"https:\/\/padrejosimo.com.br\/site\/noticias\/conheca-e-adquira-novo-livro-coletanea-de-sabedorias-populares-com-ervas-medicinais\/#primaryimage\"},\"image\":{\"@id\":\"https:\/\/padrejosimo.com.br\/site\/noticias\/conheca-e-adquira-novo-livro-coletanea-de-sabedorias-populares-com-ervas-medicinais\/#primaryimage\"},\"thumbnailUrl\":\"http:\/\/www.padrejosimo.com.br\/wp-content\/uploads\/2015\/06\/liv_ervas_medicinais2.png\",\"datePublished\":\"2016-09-14T17:53:57+00:00\",\"dateModified\":\"2017-05-05T17:56:12+00:00\",\"breadcrumb\":{\"@id\":\"https:\/\/padrejosimo.com.br\/site\/noticias\/conheca-e-adquira-novo-livro-coletanea-de-sabedorias-populares-com-ervas-medicinais\/#breadcrumb\"},\"inLanguage\":\"pt-BR\",\"potentialAction\":[{\"@type\":\"ReadAction\",\"target\":[\"https:\/\/padrejosimo.com.br\/site\/noticias\/conheca-e-adquira-novo-livro-coletanea-de-sabedorias-populares-com-ervas-medicinais\/\"]}]},{\"@type\":\"ImageObject\",\"inLanguage\":\"pt-BR\",\"@id\":\"https:\/\/padrejosimo.com.br\/site\/noticias\/conheca-e-adquira-novo-livro-coletanea-de-sabedorias-populares-com-ervas-medicinais\/#primaryimage\",\"url\":\"http:\/\/www.padrejosimo.com.br\/wp-content\/uploads\/2015\/06\/liv_ervas_medicinais2.png\",\"contentUrl\":\"http:\/\/www.padrejosimo.com.br\/wp-content\/uploads\/2015\/06\/liv_ervas_medicinais2.png\"},{\"@type\":\"BreadcrumbList\",\"@id\":\"https:\/\/padrejosimo.com.br\/site\/noticias\/conheca-e-adquira-novo-livro-coletanea-de-sabedorias-populares-com-ervas-medicinais\/#breadcrumb\",\"itemListElement\":[{\"@type\":\"ListItem\",\"position\":1,\"name\":\"In\u00edcio\",\"item\":\"https:\/\/padrejosimo.com.br\/site\/\"},{\"@type\":\"ListItem\",\"position\":2,\"name\":\"Not\u00edcias\",\"item\":\"https:\/\/padrejosimo.com.br\/site\/noticias\/\"},{\"@type\":\"ListItem\",\"position\":3,\"name\":\"Conhe\u00e7a e adquira novo livro colet\u00e2nea de sabedorias populares com ervas medicinais\"}]},{\"@type\":\"WebSite\",\"@id\":\"https:\/\/padrejosimo.com.br\/site\/#website\",\"url\":\"https:\/\/padrejosimo.com.br\/site\/\",\"name\":\"Instituto Cultural Padre Josimo\",\"description\":\"Comprometida com a promo\u00e7\u00e3o da justi\u00e7a social, agroecologia e educa\u00e7\u00e3o popular\",\"publisher\":{\"@id\":\"https:\/\/padrejosimo.com.br\/site\/#organization\"},\"alternateName\":\"ICPJ\",\"potentialAction\":[{\"@type\":\"SearchAction\",\"target\":{\"@type\":\"EntryPoint\",\"urlTemplate\":\"https:\/\/padrejosimo.com.br\/site\/?s={search_term_string}\"},\"query-input\":{\"@type\":\"PropertyValueSpecification\",\"valueRequired\":true,\"valueName\":\"search_term_string\"}}],\"inLanguage\":\"pt-BR\"},{\"@type\":\"Organization\",\"@id\":\"https:\/\/padrejosimo.com.br\/site\/#organization\",\"name\":\"Instituto Cultural Padre Josimo\",\"alternateName\":\"ICPJ\",\"url\":\"https:\/\/padrejosimo.com.br\/site\/\",\"logo\":{\"@type\":\"ImageObject\",\"inLanguage\":\"pt-BR\",\"@id\":\"https:\/\/padrejosimo.com.br\/site\/#\/schema\/logo\/image\/\",\"url\":\"https:\/\/padrejosimo.com.br\/site\/wp-content\/uploads\/2025\/09\/cropped-icon-icpj.png\",\"contentUrl\":\"https:\/\/padrejosimo.com.br\/site\/wp-content\/uploads\/2025\/09\/cropped-icon-icpj.png\",\"width\":512,\"height\":512,\"caption\":\"Instituto Cultural Padre Josimo\"},\"image\":{\"@id\":\"https:\/\/padrejosimo.com.br\/site\/#\/schema\/logo\/image\/\"}}]}<\/script>\n<!-- \/ Yoast SEO plugin. -->","yoast_head_json":{"title":"Conhe\u00e7a e adquira novo livro colet\u00e2nea de sabedorias populares com ervas medicinais - Instituto Cultural Padre Josimo","robots":{"index":"index","follow":"follow","max-snippet":"max-snippet:-1","max-image-preview":"max-image-preview:large","max-video-preview":"max-video-preview:-1"},"canonical":"https:\/\/padrejosimo.com.br\/site\/noticias\/conheca-e-adquira-novo-livro-coletanea-de-sabedorias-populares-com-ervas-medicinais\/","og_locale":"pt_BR","og_type":"article","og_title":"Conhe\u00e7a e adquira novo livro colet\u00e2nea de sabedorias populares com ervas medicinais - Instituto Cultural Padre Josimo","og_description":"Esta edi\u00e7\u00e3o, revisada e ampliada, traz uma colet\u00e2nea popular de sabedorias camponesas sobre ervas medicinais, rem\u00e9dios e receitas caseiras. O livro \u00e9 fruto do interesse das pessoas em ter registrado tais conhecimentos, situa\u00e7\u00e3o verificada por frei Wilson Zanatta em seu programa de r\u00e1dio semanal \u201cChimarreando com Deus\u201d, na R\u00e1dio Comunit\u00e1ria Terra Livre, do Assentamento Conquista [&hellip;]","og_url":"https:\/\/padrejosimo.com.br\/site\/noticias\/conheca-e-adquira-novo-livro-coletanea-de-sabedorias-populares-com-ervas-medicinais\/","og_site_name":"Instituto Cultural Padre Josimo","article_modified_time":"2017-05-05T17:56:12+00:00","og_image":[{"url":"http:\/\/www.padrejosimo.com.br\/wp-content\/uploads\/2015\/06\/liv_ervas_medicinais2.png","type":"","width":"","height":""}],"twitter_card":"summary_large_image","twitter_misc":{"Est. tempo de leitura":"1 minuto"},"schema":{"@context":"https:\/\/schema.org","@graph":[{"@type":"WebPage","@id":"https:\/\/padrejosimo.com.br\/site\/noticias\/conheca-e-adquira-novo-livro-coletanea-de-sabedorias-populares-com-ervas-medicinais\/","url":"https:\/\/padrejosimo.com.br\/site\/noticias\/conheca-e-adquira-novo-livro-coletanea-de-sabedorias-populares-com-ervas-medicinais\/","name":"Conhe\u00e7a e adquira novo livro colet\u00e2nea de sabedorias populares com ervas medicinais - Instituto Cultural Padre Josimo","isPartOf":{"@id":"https:\/\/padrejosimo.com.br\/site\/#website"},"primaryImageOfPage":{"@id":"https:\/\/padrejosimo.com.br\/site\/noticias\/conheca-e-adquira-novo-livro-coletanea-de-sabedorias-populares-com-ervas-medicinais\/#primaryimage"},"image":{"@id":"https:\/\/padrejosimo.com.br\/site\/noticias\/conheca-e-adquira-novo-livro-coletanea-de-sabedorias-populares-com-ervas-medicinais\/#primaryimage"},"thumbnailUrl":"http:\/\/www.padrejosimo.com.br\/wp-content\/uploads\/2015\/06\/liv_ervas_medicinais2.png","datePublished":"2016-09-14T17:53:57+00:00","dateModified":"2017-05-05T17:56:12+00:00","breadcrumb":{"@id":"https:\/\/padrejosimo.com.br\/site\/noticias\/conheca-e-adquira-novo-livro-coletanea-de-sabedorias-populares-com-ervas-medicinais\/#breadcrumb"},"inLanguage":"pt-BR","potentialAction":[{"@type":"ReadAction","target":["https:\/\/padrejosimo.com.br\/site\/noticias\/conheca-e-adquira-novo-livro-coletanea-de-sabedorias-populares-com-ervas-medicinais\/"]}]},{"@type":"ImageObject","inLanguage":"pt-BR","@id":"https:\/\/padrejosimo.com.br\/site\/noticias\/conheca-e-adquira-novo-livro-coletanea-de-sabedorias-populares-com-ervas-medicinais\/#primaryimage","url":"http:\/\/www.padrejosimo.com.br\/wp-content\/uploads\/2015\/06\/liv_ervas_medicinais2.png","contentUrl":"http:\/\/www.padrejosimo.com.br\/wp-content\/uploads\/2015\/06\/liv_ervas_medicinais2.png"},{"@type":"BreadcrumbList","@id":"https:\/\/padrejosimo.com.br\/site\/noticias\/conheca-e-adquira-novo-livro-coletanea-de-sabedorias-populares-com-ervas-medicinais\/#breadcrumb","itemListElement":[{"@type":"ListItem","position":1,"name":"In\u00edcio","item":"https:\/\/padrejosimo.com.br\/site\/"},{"@type":"ListItem","position":2,"name":"Not\u00edcias","item":"https:\/\/padrejosimo.com.br\/site\/noticias\/"},{"@type":"ListItem","position":3,"name":"Conhe\u00e7a e adquira novo livro colet\u00e2nea de sabedorias populares com ervas medicinais"}]},{"@type":"WebSite","@id":"https:\/\/padrejosimo.com.br\/site\/#website","url":"https:\/\/padrejosimo.com.br\/site\/","name":"Instituto Cultural Padre Josimo","description":"Comprometida com a promo\u00e7\u00e3o da justi\u00e7a social, agroecologia e educa\u00e7\u00e3o popular","publisher":{"@id":"https:\/\/padrejosimo.com.br\/site\/#organization"},"alternateName":"ICPJ","potentialAction":[{"@type":"SearchAction","target":{"@type":"EntryPoint","urlTemplate":"https:\/\/padrejosimo.com.br\/site\/?s={search_term_string}"},"query-input":{"@type":"PropertyValueSpecification","valueRequired":true,"valueName":"search_term_string"}}],"inLanguage":"pt-BR"},{"@type":"Organization","@id":"https:\/\/padrejosimo.com.br\/site\/#organization","name":"Instituto Cultural Padre Josimo","alternateName":"ICPJ","url":"https:\/\/padrejosimo.com.br\/site\/","logo":{"@type":"ImageObject","inLanguage":"pt-BR","@id":"https:\/\/padrejosimo.com.br\/site\/#\/schema\/logo\/image\/","url":"https:\/\/padrejosimo.com.br\/site\/wp-content\/uploads\/2025\/09\/cropped-icon-icpj.png","contentUrl":"https:\/\/padrejosimo.com.br\/site\/wp-content\/uploads\/2025\/09\/cropped-icon-icpj.png","width":512,"height":512,"caption":"Instituto Cultural Padre Josimo"},"image":{"@id":"https:\/\/padrejosimo.com.br\/site\/#\/schema\/logo\/image\/"}}]}},"_links":{"self":[{"href":"https:\/\/padrejosimo.com.br\/site\/wp-json\/wp\/v2\/noticias\/228","targetHints":{"allow":["GET"]}}],"collection":[{"href":"https:\/\/padrejosimo.com.br\/site\/wp-json\/wp\/v2\/noticias"}],"about":[{"href":"https:\/\/padrejosimo.com.br\/site\/wp-json\/wp\/v2\/types\/noticias"}],"wp:attachment":[{"href":"https:\/\/padrejosimo.com.br\/site\/wp-json\/wp\/v2\/media?parent=228"}],"wp:term":[{"taxonomy":"categorias_noticias","embeddable":true,"href":"https:\/\/padrejosimo.com.br\/site\/wp-json\/wp\/v2\/categorias_noticias?post=228"}],"curies":[{"name":"wp","href":"https:\/\/api.w.org\/{rel}","templated":true}]}}