{"id":225,"date":"2016-11-16T14:46:20","date_gmt":"2016-11-16T16:46:20","guid":{"rendered":"http:\/\/bagual.com.br\/site\/?post_type=noticias&#038;p=225"},"modified":"2017-05-09T15:08:14","modified_gmt":"2017-05-09T18:08:14","slug":"morre-antonio-cechin-o-irmao-dos-pobres-e-da-ecologia","status":"publish","type":"noticias","link":"https:\/\/padrejosimo.com.br\/site\/noticias\/morre-antonio-cechin-o-irmao-dos-pobres-e-da-ecologia\/","title":{"rendered":"Morre Ant\u00f4nio Cechin, o irm\u00e3o dos pobres e da ecologia"},"content":{"rendered":"<p>Em fevereiro de 2013, o Vida no Sul esteve em S\u00e3o Gabriel cobrindo o encontro dos povos ind\u00edgenas, que rememorava os 257 anos do mart\u00edrio de Sep\u00e9 Tiaraju. Na ocasi\u00e3o, tivemos a oportunidade de entrevistar o Irm\u00e3o Ant\u00f4nio Cechin, conhecido em todo o Brasil como o profeta dos catadores e o irm\u00e3o dos pobres.<\/p>\n<p>Em v\u00eddeo, prestamos nossa homenagem a ele que nos deixou hoje, compartilhando seus ensinamentos constru\u00eddos junto aos movimentos sociais populares e sua vis\u00e3o sobre a figura de Sep\u00e9 Tiaraju e a luta ind\u00edgena pela terra. Assista:<\/p>\n<p><center><\/p>\n<p><iframe src=\"https:\/\/www.youtube.com\/embed\/WSoXSnHw5_E?rel=0&amp;controls=0\" width=\"640\" height=\"360\" frameborder=\"0\" allowfullscreen=\"allowfullscreen\"><\/iframe><\/p>\n<p><\/center><\/p>\n<p><strong>Sobre o Irm\u00e3o Ant\u00f4nio Cechin<\/strong><\/p>\n<p>Fundador da CPT RS, da Pastoral da Ecologia e da ONG Caminho das \u00c1guas, e autor do livro autor do livro \u201cEmpoderamento Popular: Uma pedagogia de liberta\u00e7\u00e3o\u201d, o advogado popular Irm\u00e3o Ant\u00f4nio Cechin faleceu nesta quarta-feira, dia 16 de novembro. Nascido em Santa Maria (RS), ele foi Irm\u00e3o Marista e teve sua trajet\u00f3ria de trabalho e luta profundamente ligada aos movimentos sociais e dedicada a dar voz e empoderar os mais pobres.<\/p>\n<p>Ant\u00f4nio Cechin influenciou uma gera\u00e7\u00e3o de militantes no Rio Grande do Sul e no pa\u00eds. Foi o criador da Romaria da Terra, da Romaria das \u00c1guas e idealizador da missa em honra a S\u00e3o Sep\u00e9 Tiaraju. \u00c9 tamb\u00e9m co-fundador do Movimento Nacional F\u00e9 e Pol\u00edtica. Foi perseguido pela ditadura militar, preso e torturado. Incompreendido em sua pr\u00f3pria Congrega\u00e7\u00e3o religiosa, o Ir. Ant\u00f4nio Cechin dedicou a sua vida em defesa dos mais pobres.<\/p>\n<p>Ele estava internado no Hospital S\u00e3o Lucas da PUCRS, onde se recuperava de uma fratura na bacia. Al\u00e9m de seu legado, ele deixa saudade entre os amigos, familiares e todos os que se inspiram em seu trabalho em prol de um mundo melhor.<\/p>\n","protected":false},"excerpt":{"rendered":"<p>Em fevereiro de 2013, o Vida no Sul esteve em S\u00e3o Gabriel cobrindo o encontro dos povos ind\u00edgenas, que rememorava os 257 anos do mart\u00edrio de Sep\u00e9 Tiaraju. Na ocasi\u00e3o, tivemos a oportunidade de entrevistar o Irm\u00e3o Ant\u00f4nio Cechin, conhecido em todo o Brasil como o profeta dos catadores e o irm\u00e3o dos pobres. Em [&hellip;]<\/p>\n","protected":false},"featured_media":0,"template":"","categorias_noticias":[12,13],"class_list":["post-225","noticias","type-noticias","status-publish","hentry","categorias_noticias-multimidia","categorias_noticias-noticias"],"acf":[],"yoast_head":"<!-- This site is optimized with the Yoast SEO plugin v27.2 - https:\/\/yoast.com\/product\/yoast-seo-wordpress\/ -->\n<title>Morre Ant\u00f4nio Cechin, o irm\u00e3o dos pobres e da ecologia - Instituto Cultural Padre Josimo<\/title>\n<meta name=\"robots\" content=\"index, follow, max-snippet:-1, max-image-preview:large, max-video-preview:-1\" \/>\n<link rel=\"canonical\" href=\"https:\/\/padrejosimo.com.br\/site\/noticias\/morre-antonio-cechin-o-irmao-dos-pobres-e-da-ecologia\/\" \/>\n<meta property=\"og:locale\" content=\"pt_BR\" \/>\n<meta property=\"og:type\" content=\"article\" \/>\n<meta property=\"og:title\" content=\"Morre Ant\u00f4nio Cechin, o irm\u00e3o dos pobres e da ecologia - Instituto Cultural Padre Josimo\" \/>\n<meta property=\"og:description\" content=\"Em fevereiro de 2013, o Vida no Sul esteve em S\u00e3o Gabriel cobrindo o encontro dos povos ind\u00edgenas, que rememorava os 257 anos do mart\u00edrio de Sep\u00e9 Tiaraju. Na ocasi\u00e3o, tivemos a oportunidade de entrevistar o Irm\u00e3o Ant\u00f4nio Cechin, conhecido em todo o Brasil como o profeta dos catadores e o irm\u00e3o dos pobres. Em [&hellip;]\" \/>\n<meta property=\"og:url\" content=\"https:\/\/padrejosimo.com.br\/site\/noticias\/morre-antonio-cechin-o-irmao-dos-pobres-e-da-ecologia\/\" \/>\n<meta property=\"og:site_name\" content=\"Instituto Cultural Padre Josimo\" \/>\n<meta property=\"article:modified_time\" content=\"2017-05-09T18:08:14+00:00\" \/>\n<meta property=\"og:image\" content=\"https:\/\/padrejosimo.com.br\/site\/wp-content\/uploads\/2025\/09\/cropped-icon-icpj.png\" \/>\n\t<meta property=\"og:image:width\" content=\"512\" \/>\n\t<meta property=\"og:image:height\" content=\"512\" \/>\n\t<meta property=\"og:image:type\" content=\"image\/png\" \/>\n<meta name=\"twitter:card\" content=\"summary_large_image\" \/>\n<meta name=\"twitter:label1\" content=\"Est. tempo de leitura\" \/>\n\t<meta name=\"twitter:data1\" content=\"2 minutos\" \/>\n<script type=\"application\/ld+json\" class=\"yoast-schema-graph\">{\"@context\":\"https:\/\/schema.org\",\"@graph\":[{\"@type\":\"WebPage\",\"@id\":\"https:\/\/padrejosimo.com.br\/site\/noticias\/morre-antonio-cechin-o-irmao-dos-pobres-e-da-ecologia\/\",\"url\":\"https:\/\/padrejosimo.com.br\/site\/noticias\/morre-antonio-cechin-o-irmao-dos-pobres-e-da-ecologia\/\",\"name\":\"Morre Ant\u00f4nio Cechin, o irm\u00e3o dos pobres e da ecologia - Instituto Cultural Padre Josimo\",\"isPartOf\":{\"@id\":\"https:\/\/padrejosimo.com.br\/site\/#website\"},\"datePublished\":\"2016-11-16T16:46:20+00:00\",\"dateModified\":\"2017-05-09T18:08:14+00:00\",\"breadcrumb\":{\"@id\":\"https:\/\/padrejosimo.com.br\/site\/noticias\/morre-antonio-cechin-o-irmao-dos-pobres-e-da-ecologia\/#breadcrumb\"},\"inLanguage\":\"pt-BR\",\"potentialAction\":[{\"@type\":\"ReadAction\",\"target\":[\"https:\/\/padrejosimo.com.br\/site\/noticias\/morre-antonio-cechin-o-irmao-dos-pobres-e-da-ecologia\/\"]}]},{\"@type\":\"BreadcrumbList\",\"@id\":\"https:\/\/padrejosimo.com.br\/site\/noticias\/morre-antonio-cechin-o-irmao-dos-pobres-e-da-ecologia\/#breadcrumb\",\"itemListElement\":[{\"@type\":\"ListItem\",\"position\":1,\"name\":\"In\u00edcio\",\"item\":\"https:\/\/padrejosimo.com.br\/site\/\"},{\"@type\":\"ListItem\",\"position\":2,\"name\":\"Not\u00edcias\",\"item\":\"https:\/\/padrejosimo.com.br\/site\/noticias\/\"},{\"@type\":\"ListItem\",\"position\":3,\"name\":\"Morre Ant\u00f4nio Cechin, o irm\u00e3o dos pobres e da ecologia\"}]},{\"@type\":\"WebSite\",\"@id\":\"https:\/\/padrejosimo.com.br\/site\/#website\",\"url\":\"https:\/\/padrejosimo.com.br\/site\/\",\"name\":\"Instituto Cultural Padre Josimo\",\"description\":\"Comprometida com a promo\u00e7\u00e3o da justi\u00e7a social, agroecologia e educa\u00e7\u00e3o popular\",\"publisher\":{\"@id\":\"https:\/\/padrejosimo.com.br\/site\/#organization\"},\"alternateName\":\"ICPJ\",\"potentialAction\":[{\"@type\":\"SearchAction\",\"target\":{\"@type\":\"EntryPoint\",\"urlTemplate\":\"https:\/\/padrejosimo.com.br\/site\/?s={search_term_string}\"},\"query-input\":{\"@type\":\"PropertyValueSpecification\",\"valueRequired\":true,\"valueName\":\"search_term_string\"}}],\"inLanguage\":\"pt-BR\"},{\"@type\":\"Organization\",\"@id\":\"https:\/\/padrejosimo.com.br\/site\/#organization\",\"name\":\"Instituto Cultural Padre Josimo\",\"alternateName\":\"ICPJ\",\"url\":\"https:\/\/padrejosimo.com.br\/site\/\",\"logo\":{\"@type\":\"ImageObject\",\"inLanguage\":\"pt-BR\",\"@id\":\"https:\/\/padrejosimo.com.br\/site\/#\/schema\/logo\/image\/\",\"url\":\"https:\/\/padrejosimo.com.br\/site\/wp-content\/uploads\/2025\/09\/cropped-icon-icpj.png\",\"contentUrl\":\"https:\/\/padrejosimo.com.br\/site\/wp-content\/uploads\/2025\/09\/cropped-icon-icpj.png\",\"width\":512,\"height\":512,\"caption\":\"Instituto Cultural Padre Josimo\"},\"image\":{\"@id\":\"https:\/\/padrejosimo.com.br\/site\/#\/schema\/logo\/image\/\"}}]}<\/script>\n<!-- \/ Yoast SEO plugin. -->","yoast_head_json":{"title":"Morre Ant\u00f4nio Cechin, o irm\u00e3o dos pobres e da ecologia - Instituto Cultural Padre Josimo","robots":{"index":"index","follow":"follow","max-snippet":"max-snippet:-1","max-image-preview":"max-image-preview:large","max-video-preview":"max-video-preview:-1"},"canonical":"https:\/\/padrejosimo.com.br\/site\/noticias\/morre-antonio-cechin-o-irmao-dos-pobres-e-da-ecologia\/","og_locale":"pt_BR","og_type":"article","og_title":"Morre Ant\u00f4nio Cechin, o irm\u00e3o dos pobres e da ecologia - Instituto Cultural Padre Josimo","og_description":"Em fevereiro de 2013, o Vida no Sul esteve em S\u00e3o Gabriel cobrindo o encontro dos povos ind\u00edgenas, que rememorava os 257 anos do mart\u00edrio de Sep\u00e9 Tiaraju. Na ocasi\u00e3o, tivemos a oportunidade de entrevistar o Irm\u00e3o Ant\u00f4nio Cechin, conhecido em todo o Brasil como o profeta dos catadores e o irm\u00e3o dos pobres. Em [&hellip;]","og_url":"https:\/\/padrejosimo.com.br\/site\/noticias\/morre-antonio-cechin-o-irmao-dos-pobres-e-da-ecologia\/","og_site_name":"Instituto Cultural Padre Josimo","article_modified_time":"2017-05-09T18:08:14+00:00","og_image":[{"width":512,"height":512,"url":"https:\/\/padrejosimo.com.br\/site\/wp-content\/uploads\/2025\/09\/cropped-icon-icpj.png","type":"image\/png"}],"twitter_card":"summary_large_image","twitter_misc":{"Est. tempo de leitura":"2 minutos"},"schema":{"@context":"https:\/\/schema.org","@graph":[{"@type":"WebPage","@id":"https:\/\/padrejosimo.com.br\/site\/noticias\/morre-antonio-cechin-o-irmao-dos-pobres-e-da-ecologia\/","url":"https:\/\/padrejosimo.com.br\/site\/noticias\/morre-antonio-cechin-o-irmao-dos-pobres-e-da-ecologia\/","name":"Morre Ant\u00f4nio Cechin, o irm\u00e3o dos pobres e da ecologia - Instituto Cultural Padre Josimo","isPartOf":{"@id":"https:\/\/padrejosimo.com.br\/site\/#website"},"datePublished":"2016-11-16T16:46:20+00:00","dateModified":"2017-05-09T18:08:14+00:00","breadcrumb":{"@id":"https:\/\/padrejosimo.com.br\/site\/noticias\/morre-antonio-cechin-o-irmao-dos-pobres-e-da-ecologia\/#breadcrumb"},"inLanguage":"pt-BR","potentialAction":[{"@type":"ReadAction","target":["https:\/\/padrejosimo.com.br\/site\/noticias\/morre-antonio-cechin-o-irmao-dos-pobres-e-da-ecologia\/"]}]},{"@type":"BreadcrumbList","@id":"https:\/\/padrejosimo.com.br\/site\/noticias\/morre-antonio-cechin-o-irmao-dos-pobres-e-da-ecologia\/#breadcrumb","itemListElement":[{"@type":"ListItem","position":1,"name":"In\u00edcio","item":"https:\/\/padrejosimo.com.br\/site\/"},{"@type":"ListItem","position":2,"name":"Not\u00edcias","item":"https:\/\/padrejosimo.com.br\/site\/noticias\/"},{"@type":"ListItem","position":3,"name":"Morre Ant\u00f4nio Cechin, o irm\u00e3o dos pobres e da ecologia"}]},{"@type":"WebSite","@id":"https:\/\/padrejosimo.com.br\/site\/#website","url":"https:\/\/padrejosimo.com.br\/site\/","name":"Instituto Cultural Padre Josimo","description":"Comprometida com a promo\u00e7\u00e3o da justi\u00e7a social, agroecologia e educa\u00e7\u00e3o popular","publisher":{"@id":"https:\/\/padrejosimo.com.br\/site\/#organization"},"alternateName":"ICPJ","potentialAction":[{"@type":"SearchAction","target":{"@type":"EntryPoint","urlTemplate":"https:\/\/padrejosimo.com.br\/site\/?s={search_term_string}"},"query-input":{"@type":"PropertyValueSpecification","valueRequired":true,"valueName":"search_term_string"}}],"inLanguage":"pt-BR"},{"@type":"Organization","@id":"https:\/\/padrejosimo.com.br\/site\/#organization","name":"Instituto Cultural Padre Josimo","alternateName":"ICPJ","url":"https:\/\/padrejosimo.com.br\/site\/","logo":{"@type":"ImageObject","inLanguage":"pt-BR","@id":"https:\/\/padrejosimo.com.br\/site\/#\/schema\/logo\/image\/","url":"https:\/\/padrejosimo.com.br\/site\/wp-content\/uploads\/2025\/09\/cropped-icon-icpj.png","contentUrl":"https:\/\/padrejosimo.com.br\/site\/wp-content\/uploads\/2025\/09\/cropped-icon-icpj.png","width":512,"height":512,"caption":"Instituto Cultural Padre Josimo"},"image":{"@id":"https:\/\/padrejosimo.com.br\/site\/#\/schema\/logo\/image\/"}}]}},"_links":{"self":[{"href":"https:\/\/padrejosimo.com.br\/site\/wp-json\/wp\/v2\/noticias\/225","targetHints":{"allow":["GET"]}}],"collection":[{"href":"https:\/\/padrejosimo.com.br\/site\/wp-json\/wp\/v2\/noticias"}],"about":[{"href":"https:\/\/padrejosimo.com.br\/site\/wp-json\/wp\/v2\/types\/noticias"}],"wp:attachment":[{"href":"https:\/\/padrejosimo.com.br\/site\/wp-json\/wp\/v2\/media?parent=225"}],"wp:term":[{"taxonomy":"categorias_noticias","embeddable":true,"href":"https:\/\/padrejosimo.com.br\/site\/wp-json\/wp\/v2\/categorias_noticias?post=225"}],"curies":[{"name":"wp","href":"https:\/\/api.w.org\/{rel}","templated":true}]}}