{"id":221,"date":"2017-03-24T14:31:11","date_gmt":"2017-03-24T17:31:11","guid":{"rendered":"http:\/\/bagual.com.br\/site\/?post_type=noticias&#038;p=221"},"modified":"2017-05-15T11:24:19","modified_gmt":"2017-05-15T14:24:19","slug":"igreja-catolica-toma-posicao-contra-a-reforma-da-previdencia-pronunciamento-da-cnbb","status":"publish","type":"noticias","link":"https:\/\/padrejosimo.com.br\/site\/noticias\/igreja-catolica-toma-posicao-contra-a-reforma-da-previdencia-pronunciamento-da-cnbb\/","title":{"rendered":"Igreja Cat\u00f3lica toma posi\u00e7\u00e3o contra a Reforma da Previd\u00eancia \u2013 pronunciamento da CNBB"},"content":{"rendered":"<p style=\"text-align: right;\"><em>\u201cAi dos que fazem do direito uma amargura e a justi\u00e7a jogam no ch\u00e3o.\u201d (Am\u00f3s 5,7)<\/em><\/p>\n<p>O Conselho Permanente da Confer\u00eancia Nacional dos Bispos do Brasil-CNBB, reunido em Bras\u00edlia-DF, dos dias 21 a 23 de mar\u00e7o de 2017, em comunh\u00e3o e solidariedade pastoral com o povo brasileiro, manifesta apreens\u00e3o com rela\u00e7\u00e3o \u00e0 Proposta de Emenda \u00e0 Constitui\u00e7\u00e3o (PEC) 287\/2016, de iniciativa do Poder Executivo, que tramita no Congresso Nacional.<\/p>\n<p>O Art. 6\u00ba. da Constitui\u00e7\u00e3o Federal de 1988 estabeleceu que a Previd\u00eancia seja um Direito Social dos brasileiros e brasileiras. N\u00e3o \u00e9 uma concess\u00e3o governamental ou um privil\u00e9gio. Os Direitos Sociais no Brasil foram conquistados com intensa participa\u00e7\u00e3o democr\u00e1tica; qualquer amea\u00e7a a eles merece imediato rep\u00fadio.<\/p>\n<p>Abrangendo atualmente mais de 2\/3 da popula\u00e7\u00e3o economicamente ativa, diante de um aumento da sua faixa et\u00e1ria e da diminui\u00e7\u00e3o do ingresso no mercado de trabalho, pode-se dizer que o sistema da Previd\u00eancia precisa ser avaliado e, se necess\u00e1rio, posteriormente adequado \u00e0 Seguridade Social.<\/p>\n<p>Os n\u00fameros do Governo Federal que apresentam um d\u00e9ficit previdenci\u00e1rio s\u00e3o diversos dos n\u00fameros apresentados por outras institui\u00e7\u00f5es, inclusive ligadas ao pr\u00f3prio governo. N\u00e3o \u00e9 poss\u00edvel encaminhar solu\u00e7\u00e3o de assunto t\u00e3o complexo com informa\u00e7\u00f5es inseguras, desencontradas e contradit\u00f3rias. \u00c9 preciso conhecer a real situa\u00e7\u00e3o da Previd\u00eancia Social no Brasil. Iniciativas que visem ao conhecimento dessa realidade devem ser valorizadas e adotadas, particularmente pelo Congresso Nacional, com o total envolvimento da sociedade.<\/p>\n<p>O sistema da Previd\u00eancia Social possui uma intr\u00ednseca matriz \u00e9tica. Ele \u00e9 criado para a prote\u00e7\u00e3o social de pessoas que, por v\u00e1rios motivos, ficam expostas \u00e0 vulnerabilidade social (idade, enfermidades, acidentes, maternidade&#8230;), particularmente as mais pobres. Nenhuma solu\u00e7\u00e3o para equilibrar um poss\u00edvel d\u00e9ficit pode prescindir de valores \u00e9ticos-sociais e solid\u00e1rios. Na justificativa da PEC 287\/2016 n\u00e3o existe nenhuma refer\u00eancia a esses valores, reduzindo a Previd\u00eancia a uma quest\u00e3o econ\u00f4mica.<\/p>\n<p>Buscando diminuir gastos previdenci\u00e1rios, a PEC 287\/2016 \u201csoluciona o problema\u201d, excluindo da prote\u00e7\u00e3o social os que t\u00eam direito a benef\u00edcios. Ao propor uma idade \u00fanica de 65 anos para homens e mulheres, do campo ou da cidade; ao acabar com a aposentadoria especial para trabalhadores rurais; ao comprometer a assist\u00eancia aos segurados especiais (ind\u00edgenas, quilombolas, pescadores&#8230;); ao reduzir o valor da pens\u00e3o para vi\u00favas ou vi\u00favos; ao desvincular o sal\u00e1rio m\u00ednimo como refer\u00eancia para o pagamento do Benef\u00edcio de Presta\u00e7\u00e3o Continuada (BPC), a PEC 287\/2016 escolhe o caminho da exclus\u00e3o social.<\/p>\n<p>A op\u00e7\u00e3o inclusiva que preserva direitos n\u00e3o \u00e9 considerada na PEC. Faz-se necess\u00e1rio auditar a d\u00edvida p\u00fablica, taxar rendimentos das institui\u00e7\u00f5es financeiras, rever a desonera\u00e7\u00e3o de exporta\u00e7\u00e3o de commodities, identificar e cobrar os devedores da Previd\u00eancia. Essas op\u00e7\u00f5es ajudariam a tornar realidade o Fundo de Reserva do Regime da Previd\u00eancia Social \u2013 Emenda Constitucional 20\/1998, que poderia provisionar recursos exclusivos para a Previd\u00eancia.<\/p>\n<p>O debate sobre a Previd\u00eancia n\u00e3o pode ficar restrito a uma disputa ideol\u00f3gico-partid\u00e1ria, sujeito a influ\u00eancias de grupos dos mais diversos interesses. Quando isso acontece, quem perde sempre \u00e9 a verdade. O di\u00e1logo sincero e fundamentado entre governo e sociedade deve ser buscado at\u00e9 \u00e0 exaust\u00e3o.<\/p>\n<p>\u00c0s senhoras e aos senhores parlamentares, fazemos nossas as palavras do Papa Francisco: \u201cA vossa dif\u00edcil tarefa \u00e9 contribuir a fim de que n\u00e3o faltem as subven\u00e7\u00f5es indispens\u00e1veis para a subsist\u00eancia dos trabalhadores desempregados e das suas fam\u00edlias. N\u00e3o falte entre as vossas prioridades uma aten\u00e7\u00e3o privilegiada para com o trabalho feminino, assim como a assist\u00eancia \u00e0 maternidade que sempre deve tutelar a vida que nasce e quem a serve quotidianamente. Tutelai as mulheres, o trabalho das mulheres! Nunca falte a garantia para a velhice, a enfermidade, os acidentes relacionados com o trabalho. N\u00e3o falte o direito \u00e0 aposentadoria, e sublinho: o direito \u2014 a aposentadoria \u00e9 um direito! \u2014 porque disto \u00e9 que se trata.\u201d<\/p>\n<p>Convocamos os crist\u00e3os e pessoas de boa vontade, particularmente nossas comunidades, a se mobilizarem ao redor da atual Reforma da Previd\u00eancia, a fim de buscar o melhor para o nosso povo, principalmente os mais fragilizados.<\/p>\n<p>Na celebra\u00e7\u00e3o do Ano Mariano Nacional, confiamos o povo brasileiro \u00e0 intercess\u00e3o de Nossa Senhora Aparecida. Deus nos aben\u00e7oe!<\/p>\n<p>Bras\u00edlia, 23 de mar\u00e7o de 2017.<\/p>\n<p>Confer\u00eancia Nacional dos Bispos do Brasil<\/p>\n","protected":false},"excerpt":{"rendered":"<p>O Conselho Permanente da Confer\u00eancia Nacional dos Bispos do Brasil-CNBB, reunido em Bras\u00edlia-DF, dos dias 21 a 23 de mar\u00e7o de 2017, em comunh\u00e3o e solidariedade pastoral com o povo brasileiro, manifesta apreens\u00e3o com rela\u00e7\u00e3o \u00e0 Proposta de Emenda \u00e0 Constitui\u00e7\u00e3o (PEC) 287\/2016, de iniciativa do Poder Executivo, que tramita no Congresso Nacional.<\/p>\n","protected":false},"featured_media":268,"template":"","categorias_noticias":[13],"class_list":["post-221","noticias","type-noticias","status-publish","has-post-thumbnail","hentry","categorias_noticias-noticias"],"acf":[],"yoast_head":"<!-- This site is optimized with the Yoast SEO plugin v27.2 - https:\/\/yoast.com\/product\/yoast-seo-wordpress\/ -->\n<title>Igreja Cat\u00f3lica toma posi\u00e7\u00e3o contra a Reforma da Previd\u00eancia \u2013 pronunciamento da CNBB - Instituto Cultural Padre Josimo<\/title>\n<meta name=\"robots\" content=\"index, follow, max-snippet:-1, max-image-preview:large, max-video-preview:-1\" \/>\n<link rel=\"canonical\" href=\"https:\/\/padrejosimo.com.br\/site\/noticias\/igreja-catolica-toma-posicao-contra-a-reforma-da-previdencia-pronunciamento-da-cnbb\/\" \/>\n<meta property=\"og:locale\" content=\"pt_BR\" \/>\n<meta property=\"og:type\" content=\"article\" \/>\n<meta property=\"og:title\" content=\"Igreja Cat\u00f3lica toma posi\u00e7\u00e3o contra a Reforma da Previd\u00eancia \u2013 pronunciamento da CNBB - Instituto Cultural Padre Josimo\" \/>\n<meta property=\"og:description\" content=\"O Conselho Permanente da Confer\u00eancia Nacional dos Bispos do Brasil-CNBB, reunido em Bras\u00edlia-DF, dos dias 21 a 23 de mar\u00e7o de 2017, em comunh\u00e3o e solidariedade pastoral com o povo brasileiro, manifesta apreens\u00e3o com rela\u00e7\u00e3o \u00e0 Proposta de Emenda \u00e0 Constitui\u00e7\u00e3o (PEC) 287\/2016, de iniciativa do Poder Executivo, que tramita no Congresso Nacional.\" \/>\n<meta property=\"og:url\" content=\"https:\/\/padrejosimo.com.br\/site\/noticias\/igreja-catolica-toma-posicao-contra-a-reforma-da-previdencia-pronunciamento-da-cnbb\/\" \/>\n<meta property=\"og:site_name\" content=\"Instituto Cultural Padre Josimo\" \/>\n<meta property=\"article:modified_time\" content=\"2017-05-15T14:24:19+00:00\" \/>\n<meta property=\"og:image\" content=\"https:\/\/padrejosimo.com.br\/site\/wp-content\/uploads\/2017\/03\/RV9162_Articolo.jpg\" \/>\n\t<meta property=\"og:image:width\" content=\"640\" \/>\n\t<meta property=\"og:image:height\" content=\"453\" \/>\n\t<meta property=\"og:image:type\" content=\"image\/jpeg\" \/>\n<meta name=\"twitter:card\" content=\"summary_large_image\" \/>\n<meta name=\"twitter:label1\" content=\"Est. tempo de leitura\" \/>\n\t<meta name=\"twitter:data1\" content=\"4 minutos\" \/>\n<script type=\"application\/ld+json\" class=\"yoast-schema-graph\">{\"@context\":\"https:\/\/schema.org\",\"@graph\":[{\"@type\":\"WebPage\",\"@id\":\"https:\/\/padrejosimo.com.br\/site\/noticias\/igreja-catolica-toma-posicao-contra-a-reforma-da-previdencia-pronunciamento-da-cnbb\/\",\"url\":\"https:\/\/padrejosimo.com.br\/site\/noticias\/igreja-catolica-toma-posicao-contra-a-reforma-da-previdencia-pronunciamento-da-cnbb\/\",\"name\":\"Igreja Cat\u00f3lica toma posi\u00e7\u00e3o contra a Reforma da Previd\u00eancia \u2013 pronunciamento da CNBB - Instituto Cultural Padre Josimo\",\"isPartOf\":{\"@id\":\"https:\/\/padrejosimo.com.br\/site\/#website\"},\"primaryImageOfPage\":{\"@id\":\"https:\/\/padrejosimo.com.br\/site\/noticias\/igreja-catolica-toma-posicao-contra-a-reforma-da-previdencia-pronunciamento-da-cnbb\/#primaryimage\"},\"image\":{\"@id\":\"https:\/\/padrejosimo.com.br\/site\/noticias\/igreja-catolica-toma-posicao-contra-a-reforma-da-previdencia-pronunciamento-da-cnbb\/#primaryimage\"},\"thumbnailUrl\":\"https:\/\/padrejosimo.com.br\/site\/wp-content\/uploads\/2017\/03\/RV9162_Articolo.jpg\",\"datePublished\":\"2017-03-24T17:31:11+00:00\",\"dateModified\":\"2017-05-15T14:24:19+00:00\",\"breadcrumb\":{\"@id\":\"https:\/\/padrejosimo.com.br\/site\/noticias\/igreja-catolica-toma-posicao-contra-a-reforma-da-previdencia-pronunciamento-da-cnbb\/#breadcrumb\"},\"inLanguage\":\"pt-BR\",\"potentialAction\":[{\"@type\":\"ReadAction\",\"target\":[\"https:\/\/padrejosimo.com.br\/site\/noticias\/igreja-catolica-toma-posicao-contra-a-reforma-da-previdencia-pronunciamento-da-cnbb\/\"]}]},{\"@type\":\"ImageObject\",\"inLanguage\":\"pt-BR\",\"@id\":\"https:\/\/padrejosimo.com.br\/site\/noticias\/igreja-catolica-toma-posicao-contra-a-reforma-da-previdencia-pronunciamento-da-cnbb\/#primaryimage\",\"url\":\"https:\/\/padrejosimo.com.br\/site\/wp-content\/uploads\/2017\/03\/RV9162_Articolo.jpg\",\"contentUrl\":\"https:\/\/padrejosimo.com.br\/site\/wp-content\/uploads\/2017\/03\/RV9162_Articolo.jpg\",\"width\":640,\"height\":453},{\"@type\":\"BreadcrumbList\",\"@id\":\"https:\/\/padrejosimo.com.br\/site\/noticias\/igreja-catolica-toma-posicao-contra-a-reforma-da-previdencia-pronunciamento-da-cnbb\/#breadcrumb\",\"itemListElement\":[{\"@type\":\"ListItem\",\"position\":1,\"name\":\"In\u00edcio\",\"item\":\"https:\/\/padrejosimo.com.br\/site\/\"},{\"@type\":\"ListItem\",\"position\":2,\"name\":\"Not\u00edcias\",\"item\":\"https:\/\/padrejosimo.com.br\/site\/noticias\/\"},{\"@type\":\"ListItem\",\"position\":3,\"name\":\"Igreja Cat\u00f3lica toma posi\u00e7\u00e3o contra a Reforma da Previd\u00eancia \u2013 pronunciamento da CNBB\"}]},{\"@type\":\"WebSite\",\"@id\":\"https:\/\/padrejosimo.com.br\/site\/#website\",\"url\":\"https:\/\/padrejosimo.com.br\/site\/\",\"name\":\"Instituto Cultural Padre Josimo\",\"description\":\"Comprometida com a promo\u00e7\u00e3o da justi\u00e7a social, agroecologia e educa\u00e7\u00e3o popular\",\"publisher\":{\"@id\":\"https:\/\/padrejosimo.com.br\/site\/#organization\"},\"alternateName\":\"ICPJ\",\"potentialAction\":[{\"@type\":\"SearchAction\",\"target\":{\"@type\":\"EntryPoint\",\"urlTemplate\":\"https:\/\/padrejosimo.com.br\/site\/?s={search_term_string}\"},\"query-input\":{\"@type\":\"PropertyValueSpecification\",\"valueRequired\":true,\"valueName\":\"search_term_string\"}}],\"inLanguage\":\"pt-BR\"},{\"@type\":\"Organization\",\"@id\":\"https:\/\/padrejosimo.com.br\/site\/#organization\",\"name\":\"Instituto Cultural Padre Josimo\",\"alternateName\":\"ICPJ\",\"url\":\"https:\/\/padrejosimo.com.br\/site\/\",\"logo\":{\"@type\":\"ImageObject\",\"inLanguage\":\"pt-BR\",\"@id\":\"https:\/\/padrejosimo.com.br\/site\/#\/schema\/logo\/image\/\",\"url\":\"https:\/\/padrejosimo.com.br\/site\/wp-content\/uploads\/2025\/09\/cropped-icon-icpj.png\",\"contentUrl\":\"https:\/\/padrejosimo.com.br\/site\/wp-content\/uploads\/2025\/09\/cropped-icon-icpj.png\",\"width\":512,\"height\":512,\"caption\":\"Instituto Cultural Padre Josimo\"},\"image\":{\"@id\":\"https:\/\/padrejosimo.com.br\/site\/#\/schema\/logo\/image\/\"}}]}<\/script>\n<!-- \/ Yoast SEO plugin. -->","yoast_head_json":{"title":"Igreja Cat\u00f3lica toma posi\u00e7\u00e3o contra a Reforma da Previd\u00eancia \u2013 pronunciamento da CNBB - Instituto Cultural Padre Josimo","robots":{"index":"index","follow":"follow","max-snippet":"max-snippet:-1","max-image-preview":"max-image-preview:large","max-video-preview":"max-video-preview:-1"},"canonical":"https:\/\/padrejosimo.com.br\/site\/noticias\/igreja-catolica-toma-posicao-contra-a-reforma-da-previdencia-pronunciamento-da-cnbb\/","og_locale":"pt_BR","og_type":"article","og_title":"Igreja Cat\u00f3lica toma posi\u00e7\u00e3o contra a Reforma da Previd\u00eancia \u2013 pronunciamento da CNBB - Instituto Cultural Padre Josimo","og_description":"O Conselho Permanente da Confer\u00eancia Nacional dos Bispos do Brasil-CNBB, reunido em Bras\u00edlia-DF, dos dias 21 a 23 de mar\u00e7o de 2017, em comunh\u00e3o e solidariedade pastoral com o povo brasileiro, manifesta apreens\u00e3o com rela\u00e7\u00e3o \u00e0 Proposta de Emenda \u00e0 Constitui\u00e7\u00e3o (PEC) 287\/2016, de iniciativa do Poder Executivo, que tramita no Congresso Nacional.","og_url":"https:\/\/padrejosimo.com.br\/site\/noticias\/igreja-catolica-toma-posicao-contra-a-reforma-da-previdencia-pronunciamento-da-cnbb\/","og_site_name":"Instituto Cultural Padre Josimo","article_modified_time":"2017-05-15T14:24:19+00:00","og_image":[{"width":640,"height":453,"url":"https:\/\/padrejosimo.com.br\/site\/wp-content\/uploads\/2017\/03\/RV9162_Articolo.jpg","type":"image\/jpeg"}],"twitter_card":"summary_large_image","twitter_misc":{"Est. tempo de leitura":"4 minutos"},"schema":{"@context":"https:\/\/schema.org","@graph":[{"@type":"WebPage","@id":"https:\/\/padrejosimo.com.br\/site\/noticias\/igreja-catolica-toma-posicao-contra-a-reforma-da-previdencia-pronunciamento-da-cnbb\/","url":"https:\/\/padrejosimo.com.br\/site\/noticias\/igreja-catolica-toma-posicao-contra-a-reforma-da-previdencia-pronunciamento-da-cnbb\/","name":"Igreja Cat\u00f3lica toma posi\u00e7\u00e3o contra a Reforma da Previd\u00eancia \u2013 pronunciamento da CNBB - Instituto Cultural Padre Josimo","isPartOf":{"@id":"https:\/\/padrejosimo.com.br\/site\/#website"},"primaryImageOfPage":{"@id":"https:\/\/padrejosimo.com.br\/site\/noticias\/igreja-catolica-toma-posicao-contra-a-reforma-da-previdencia-pronunciamento-da-cnbb\/#primaryimage"},"image":{"@id":"https:\/\/padrejosimo.com.br\/site\/noticias\/igreja-catolica-toma-posicao-contra-a-reforma-da-previdencia-pronunciamento-da-cnbb\/#primaryimage"},"thumbnailUrl":"https:\/\/padrejosimo.com.br\/site\/wp-content\/uploads\/2017\/03\/RV9162_Articolo.jpg","datePublished":"2017-03-24T17:31:11+00:00","dateModified":"2017-05-15T14:24:19+00:00","breadcrumb":{"@id":"https:\/\/padrejosimo.com.br\/site\/noticias\/igreja-catolica-toma-posicao-contra-a-reforma-da-previdencia-pronunciamento-da-cnbb\/#breadcrumb"},"inLanguage":"pt-BR","potentialAction":[{"@type":"ReadAction","target":["https:\/\/padrejosimo.com.br\/site\/noticias\/igreja-catolica-toma-posicao-contra-a-reforma-da-previdencia-pronunciamento-da-cnbb\/"]}]},{"@type":"ImageObject","inLanguage":"pt-BR","@id":"https:\/\/padrejosimo.com.br\/site\/noticias\/igreja-catolica-toma-posicao-contra-a-reforma-da-previdencia-pronunciamento-da-cnbb\/#primaryimage","url":"https:\/\/padrejosimo.com.br\/site\/wp-content\/uploads\/2017\/03\/RV9162_Articolo.jpg","contentUrl":"https:\/\/padrejosimo.com.br\/site\/wp-content\/uploads\/2017\/03\/RV9162_Articolo.jpg","width":640,"height":453},{"@type":"BreadcrumbList","@id":"https:\/\/padrejosimo.com.br\/site\/noticias\/igreja-catolica-toma-posicao-contra-a-reforma-da-previdencia-pronunciamento-da-cnbb\/#breadcrumb","itemListElement":[{"@type":"ListItem","position":1,"name":"In\u00edcio","item":"https:\/\/padrejosimo.com.br\/site\/"},{"@type":"ListItem","position":2,"name":"Not\u00edcias","item":"https:\/\/padrejosimo.com.br\/site\/noticias\/"},{"@type":"ListItem","position":3,"name":"Igreja Cat\u00f3lica toma posi\u00e7\u00e3o contra a Reforma da Previd\u00eancia \u2013 pronunciamento da CNBB"}]},{"@type":"WebSite","@id":"https:\/\/padrejosimo.com.br\/site\/#website","url":"https:\/\/padrejosimo.com.br\/site\/","name":"Instituto Cultural Padre Josimo","description":"Comprometida com a promo\u00e7\u00e3o da justi\u00e7a social, agroecologia e educa\u00e7\u00e3o popular","publisher":{"@id":"https:\/\/padrejosimo.com.br\/site\/#organization"},"alternateName":"ICPJ","potentialAction":[{"@type":"SearchAction","target":{"@type":"EntryPoint","urlTemplate":"https:\/\/padrejosimo.com.br\/site\/?s={search_term_string}"},"query-input":{"@type":"PropertyValueSpecification","valueRequired":true,"valueName":"search_term_string"}}],"inLanguage":"pt-BR"},{"@type":"Organization","@id":"https:\/\/padrejosimo.com.br\/site\/#organization","name":"Instituto Cultural Padre Josimo","alternateName":"ICPJ","url":"https:\/\/padrejosimo.com.br\/site\/","logo":{"@type":"ImageObject","inLanguage":"pt-BR","@id":"https:\/\/padrejosimo.com.br\/site\/#\/schema\/logo\/image\/","url":"https:\/\/padrejosimo.com.br\/site\/wp-content\/uploads\/2025\/09\/cropped-icon-icpj.png","contentUrl":"https:\/\/padrejosimo.com.br\/site\/wp-content\/uploads\/2025\/09\/cropped-icon-icpj.png","width":512,"height":512,"caption":"Instituto Cultural Padre Josimo"},"image":{"@id":"https:\/\/padrejosimo.com.br\/site\/#\/schema\/logo\/image\/"}}]}},"_links":{"self":[{"href":"https:\/\/padrejosimo.com.br\/site\/wp-json\/wp\/v2\/noticias\/221","targetHints":{"allow":["GET"]}}],"collection":[{"href":"https:\/\/padrejosimo.com.br\/site\/wp-json\/wp\/v2\/noticias"}],"about":[{"href":"https:\/\/padrejosimo.com.br\/site\/wp-json\/wp\/v2\/types\/noticias"}],"wp:featuredmedia":[{"embeddable":true,"href":"https:\/\/padrejosimo.com.br\/site\/wp-json\/wp\/v2\/media\/268"}],"wp:attachment":[{"href":"https:\/\/padrejosimo.com.br\/site\/wp-json\/wp\/v2\/media?parent=221"}],"wp:term":[{"taxonomy":"categorias_noticias","embeddable":true,"href":"https:\/\/padrejosimo.com.br\/site\/wp-json\/wp\/v2\/categorias_noticias?post=221"}],"curies":[{"name":"wp","href":"https:\/\/api.w.org\/{rel}","templated":true}]}}